{"id":752,"date":"2021-01-09T19:57:57","date_gmt":"2021-01-09T18:57:57","guid":{"rendered":"http:\/\/www.parrocchiadisantandrea.it\/psa\/?p=752"},"modified":"2021-08-30T12:04:27","modified_gmt":"2021-08-30T10:04:27","slug":"2021-10-gen-concorso-presepi-20202021","status":"publish","type":"post","link":"https:\/\/www.parrocchiadisantandrea.it\/psa\/2021-10-gen-concorso-presepi-20202021\/","title":{"rendered":"2021\/ 10 Gen &#8211; Concorso Presepi 2020\/2021"},"content":{"rendered":"<p>Una vera esplosione di idee mescolata alla fantasia ha sorpreso la giuria del nostro tradizionale concorso presepi.<br \/>\nAll&#8217;edizione 2020\/2021, organizzata dagli animatori dell&#8217;oratorio Pio X in modalit\u00e0 online, hanno partecipato ventidue piccoli e grandi campioni dell&#8217;arte natalizia. Non \u00e8 stato facile assegnare i posti per-ch\u00e9 ogni presepe, anche il pi\u00f9 piccolo, era particolare e meritava una singolare attenzione. Perci\u00f2 si \u00e8 deciso di premiare pi\u00f9 di tre opere della creativit\u00e0 familiare:<br \/>\nAl terzo posto presepi: &#8220;Entusiasmo del cuore&#8221; realizzato da Eva Maria Ester e Letizia; &#8220;Quotidianit\u00e0&#8221; realizzato da Orlando e Giovanni.<div id=\"pressrelease-link-752\" class=\"sh-link pressrelease-link sh-hide\"><a href=\"#\" onclick=\"showhide_toggle('pressrelease', 752, 'Leggi tutto...', 'Nacondi testo...'); return false;\" aria-expanded=\"false\"><span id=\"pressrelease-toggle-752\">Leggi tutto...<\/span><\/a><\/div><div id=\"pressrelease-content-752\" class=\"sh-content pressrelease-content sh-hide\" style=\"display: none;\"><br \/>\nAl secondo posto presepi: &#8220;In cameretta&#8221; realizzato da Alessandra e Leonardo; &#8220;In cammino&#8221; realizzato da Sofia e Cecilia; &#8220;Pace e amore&#8221; realizzato da Celine.<br \/>\nIl vincitore di questa edizione \u00e8 &#8220;Il Presepe nel tempo: dall&#8217;anno 0 ai<br \/>\ngiorni nostri&#8221; realizzato da Giulia, Laura, Claudia e Stefano che lo descrivono<br \/>\ncos\u00ec:<br \/>\n<a href=\"http:\/\/www.parrocchiadisantandrea.it\/psa\/wp-content\/uploads\/2021\/01\/presepi_1.jpg\"><img loading=\"lazy\" decoding=\"async\" class=\"alignleft size-full wp-image-753\" src=\"http:\/\/www.parrocchiadisantandrea.it\/psa\/wp-content\/uploads\/2021\/01\/presepi_1.jpg\" alt=\"\" width=\"365\" height=\"547\" srcset=\"https:\/\/www.parrocchiadisantandrea.it\/psa\/wp-content\/uploads\/2021\/01\/presepi_1.jpg 365w, https:\/\/www.parrocchiadisantandrea.it\/psa\/wp-content\/uploads\/2021\/01\/presepi_1-200x300.jpg 200w\" sizes=\"(max-width: 365px) 100vw, 365px\" \/><\/a>&#8220;Abbiamo voluto mettere in risalto l&#8217;antica tradizione che si rinnova nel tempo e nella storia. Nel contempo abbiamo descritto tramite una scala temporale posta al centro del cielo, l&#8217;unione e il contrasto tra la Sacra Famiglia, lo stare insieme e attendere l&#8217;evento nella povert\u00e0, in contrapposizione a una societ\u00e0 frenetica, consumistica dove a volte non c&#8217;\u00e8 il tempo di fermarsi e raccogliersi nella riflessione e nella preghiera. Abbiamo voluto evidenziare queste peculiarit\u00e0 con una stampa simbolo della frenesia (New York) e i grattacieli moderni pi\u00f9 importanti di tutto il mondo, a rappresentare tutti i popoli e le culture del mondo. Edifici dove molto spesso la frenesia prende il posto del raccoglimento.<br \/>\n<a href=\"http:\/\/www.parrocchiadisantandrea.it\/psa\/wp-content\/uploads\/2021\/01\/presepi_2.jpg\"><img loading=\"lazy\" decoding=\"async\" class=\"alignleft size-full wp-image-754\" src=\"http:\/\/www.parrocchiadisantandrea.it\/psa\/wp-content\/uploads\/2021\/01\/presepi_2.jpg\" alt=\"\" width=\"220\" height=\"486\" srcset=\"https:\/\/www.parrocchiadisantandrea.it\/psa\/wp-content\/uploads\/2021\/01\/presepi_2.jpg 220w, https:\/\/www.parrocchiadisantandrea.it\/psa\/wp-content\/uploads\/2021\/01\/presepi_2-136x300.jpg 136w\" sizes=\"(max-width: 220px) 100vw, 220px\" \/><\/a>L&#8217;albero di Natale, al centro, con i regali sotto rappresenta la visione contemporanea del Natale che molto spesso viene confusa con quello che dovrebbe essere tempo di attesa e preghiera. Inoltre abbiamo, appositamente, non messo nessuna persona nel piano pi\u00f9 alto, per rappresentare il momento di emergenza pandemica che stiamo vivendo.<br \/>\nVedi rappresentazione Virus Covid a destra dell&#8217;albero che prende il posto delle persone nelle strade togliendo a tutti la libert\u00e0 di essere comunit\u00e0&#8221;.<br \/>\nUn grande applauso meritano anche i presepi di Giulio, Michela, Lorenzo, Grazia, Adelaide, Nicol\u00f2, Susanna, Alvise e Rita per la loro fantasia e l&#8217;unicit\u00e0.<br \/>\nDesideriamo ringraziare in modo particolare Laura e Luca per aver offerto ai bambini i premi per la partecipazione. Oltre alla tradizionale calza della Befana, potranno godersi gratuitamente delle bellissime settimane del nostro GREST parrocchiale e con le carte regalo, trovare qualcosa di bello al nostro INTRECCIO.<br \/>\nPs. Tutte le fotografie le potremo vedere nella bacheca sotto il portico della casa canonica.<\/div><\/p>\n","protected":false},"excerpt":{"rendered":"<p>Una vera esplosione di idee mescolata alla fantasia ha sorpreso la giuria del nostro tradizionale concorso presepi. All&#8217;edizione 2020\/2021, organizzata dagli animatori dell&#8217;oratorio Pio X in modalit\u00e0 online, hanno partecipato ventidue piccoli e grandi campioni dell&#8217;arte natalizia. Non \u00e8 stato facile assegnare i posti per-ch\u00e9 ogni presepe, anche il pi\u00f9 piccolo, era particolare e meritava &hellip; <\/p>\n<p class=\"link-more\"><a href=\"https:\/\/www.parrocchiadisantandrea.it\/psa\/2021-10-gen-concorso-presepi-20202021\/\" class=\"more-link\">Leggi tutto<span class=\"screen-reader-text\"> &#8220;2021\/ 10 Gen &#8211; Concorso Presepi 2020\/2021&#8221;<\/span><\/a><\/p>\n","protected":false},"author":1,"featured_media":0,"comment_status":"closed","ping_status":"open","sticky":false,"template":"","format":"standard","meta":{"footnotes":""},"categories":[1],"tags":[],"_links":{"self":[{"href":"https:\/\/www.parrocchiadisantandrea.it\/psa\/wp-json\/wp\/v2\/posts\/752"}],"collection":[{"href":"https:\/\/www.parrocchiadisantandrea.it\/psa\/wp-json\/wp\/v2\/posts"}],"about":[{"href":"https:\/\/www.parrocchiadisantandrea.it\/psa\/wp-json\/wp\/v2\/types\/post"}],"author":[{"embeddable":true,"href":"https:\/\/www.parrocchiadisantandrea.it\/psa\/wp-json\/wp\/v2\/users\/1"}],"replies":[{"embeddable":true,"href":"https:\/\/www.parrocchiadisantandrea.it\/psa\/wp-json\/wp\/v2\/comments?post=752"}],"version-history":[{"count":0,"href":"https:\/\/www.parrocchiadisantandrea.it\/psa\/wp-json\/wp\/v2\/posts\/752\/revisions"}],"wp:attachment":[{"href":"https:\/\/www.parrocchiadisantandrea.it\/psa\/wp-json\/wp\/v2\/media?parent=752"}],"wp:term":[{"taxonomy":"category","embeddable":true,"href":"https:\/\/www.parrocchiadisantandrea.it\/psa\/wp-json\/wp\/v2\/categories?post=752"},{"taxonomy":"post_tag","embeddable":true,"href":"https:\/\/www.parrocchiadisantandrea.it\/psa\/wp-json\/wp\/v2\/tags?post=752"}],"curies":[{"name":"wp","href":"https:\/\/api.w.org\/{rel}","templated":true}]}}