{"id":654,"date":"2020-11-24T12:50:21","date_gmt":"2020-11-24T11:50:21","guid":{"rendered":"http:\/\/www.parrocchiadisantandrea.it\/psa\/?p=654"},"modified":"2020-11-24T12:50:21","modified_gmt":"2020-11-24T11:50:21","slug":"2020-nov-scuola-aperta-al-collegio-marconi","status":"publish","type":"post","link":"https:\/\/www.parrocchiadisantandrea.it\/psa\/2020-nov-scuola-aperta-al-collegio-marconi\/","title":{"rendered":"2020\/ Nov &#8211; Scuola aperta al Collegio Marconi"},"content":{"rendered":"<p><img loading=\"lazy\" decoding=\"async\" class=\"alignleft size-medium wp-image-655\" src=\"http:\/\/www.parrocchiadisantandrea.it\/psa\/wp-content\/uploads\/2020\/11\/Openmarconi-300x300.jpg\" alt=\"\" width=\"300\" height=\"300\" srcset=\"https:\/\/www.parrocchiadisantandrea.it\/psa\/wp-content\/uploads\/2020\/11\/Openmarconi-300x300.jpg 300w, https:\/\/www.parrocchiadisantandrea.it\/psa\/wp-content\/uploads\/2020\/11\/Openmarconi-150x150.jpg 150w, https:\/\/www.parrocchiadisantandrea.it\/psa\/wp-content\/uploads\/2020\/11\/Openmarconi-100x100.jpg 100w, https:\/\/www.parrocchiadisantandrea.it\/psa\/wp-content\/uploads\/2020\/11\/Openmarconi.jpg 539w\" sizes=\"(max-width: 300px) 100vw, 300px\" \/>L\u2019Istituto<strong> vescovile \u201cG. Marconi\u201d<\/strong> \u00e8 una realt\u00e0 scolastica ed educativa da alcuni anni impegnata in un grande sforzo di rinnovamento, per rendere la proposta educativa pi\u00f9 valida per le nuove generazioni.<br \/>\nCi sentiamo e cerchiamo di essere scuola della comunit\u00e0, delle famiglie e delle parrocchie, secondo le nostre possibilit\u00e0, in un contesto quanto mai difficile. Abbiamo a disposizione 10 borse di studio (con riduzione della retta) per le famiglie interessate alla nostra Scuola e che hanno difficolt\u00e0 economiche.<br \/>\nInformazioni: date di <strong>SCUOLA APERTA<\/strong> (su appuntamento),<br \/>\ncontattando la Segreteria (tel. 0421.28111, email info@collegiomarconi.org):<br \/>\ndomenica 22 novembre 2020, ore 14.00\/18.00<br \/>\nsabato 28 novembre 2020 &#8211; ore 14.00\/18.00<br \/>\nsabato 12 dicembre 2020 &#8211; ore 14.00\/18.00<br \/>\nsabato 9 gennaio 2021 &#8211; ore 14.00\/18.00<\/p>\n","protected":false},"excerpt":{"rendered":"<p>L\u2019Istituto vescovile \u201cG. Marconi\u201d \u00e8 una realt\u00e0 scolastica ed educativa da alcuni anni impegnata in un grande sforzo di rinnovamento, per rendere la proposta educativa pi\u00f9 valida per le nuove generazioni. Ci sentiamo e cerchiamo di essere scuola della comunit\u00e0, delle famiglie e delle parrocchie, secondo le nostre possibilit\u00e0, in un contesto quanto mai difficile. &hellip; <\/p>\n<p class=\"link-more\"><a href=\"https:\/\/www.parrocchiadisantandrea.it\/psa\/2020-nov-scuola-aperta-al-collegio-marconi\/\" class=\"more-link\">Leggi tutto<span class=\"screen-reader-text\"> &#8220;2020\/ Nov &#8211; Scuola aperta al Collegio Marconi&#8221;<\/span><\/a><\/p>\n","protected":false},"author":1,"featured_media":0,"comment_status":"closed","ping_status":"open","sticky":false,"template":"","format":"standard","meta":{"footnotes":""},"categories":[1],"tags":[],"_links":{"self":[{"href":"https:\/\/www.parrocchiadisantandrea.it\/psa\/wp-json\/wp\/v2\/posts\/654"}],"collection":[{"href":"https:\/\/www.parrocchiadisantandrea.it\/psa\/wp-json\/wp\/v2\/posts"}],"about":[{"href":"https:\/\/www.parrocchiadisantandrea.it\/psa\/wp-json\/wp\/v2\/types\/post"}],"author":[{"embeddable":true,"href":"https:\/\/www.parrocchiadisantandrea.it\/psa\/wp-json\/wp\/v2\/users\/1"}],"replies":[{"embeddable":true,"href":"https:\/\/www.parrocchiadisantandrea.it\/psa\/wp-json\/wp\/v2\/comments?post=654"}],"version-history":[{"count":0,"href":"https:\/\/www.parrocchiadisantandrea.it\/psa\/wp-json\/wp\/v2\/posts\/654\/revisions"}],"wp:attachment":[{"href":"https:\/\/www.parrocchiadisantandrea.it\/psa\/wp-json\/wp\/v2\/media?parent=654"}],"wp:term":[{"taxonomy":"category","embeddable":true,"href":"https:\/\/www.parrocchiadisantandrea.it\/psa\/wp-json\/wp\/v2\/categories?post=654"},{"taxonomy":"post_tag","embeddable":true,"href":"https:\/\/www.parrocchiadisantandrea.it\/psa\/wp-json\/wp\/v2\/tags?post=654"}],"curies":[{"name":"wp","href":"https:\/\/api.w.org\/{rel}","templated":true}]}}