{"id":456,"date":"2019-12-06T16:55:16","date_gmt":"2019-12-06T15:55:16","guid":{"rendered":"http:\/\/www.parrocchiadisantandrea.it\/psa\/?p=456"},"modified":"2019-12-06T16:55:16","modified_gmt":"2019-12-06T15:55:16","slug":"2019-avvento-centro-del-riuso","status":"publish","type":"post","link":"https:\/\/www.parrocchiadisantandrea.it\/psa\/2019-avvento-centro-del-riuso\/","title":{"rendered":"2019\/ Avvento &#8211; Centro del Riuso"},"content":{"rendered":"<p><em>Avvento, a Portogruaro nasce il Centro del riuso sociale<\/em><br \/>\n<em>Riutilizzare mettendo a disposizione nella Parrocchia di Sant\u2019Andrea con vari collaboratori.<\/em><\/p>\n<p><img loading=\"lazy\" decoding=\"async\" class=\"alignleft size-full wp-image-457\" src=\"http:\/\/www.parrocchiadisantandrea.it\/psa\/wp-content\/uploads\/2019\/12\/Avvento-a-Portogruaro-nasce-il-Centro-del-riuso-sociale_articleimage.jpg\" alt=\"\" width=\"770\" height=\"577\" srcset=\"https:\/\/www.parrocchiadisantandrea.it\/psa\/wp-content\/uploads\/2019\/12\/Avvento-a-Portogruaro-nasce-il-Centro-del-riuso-sociale_articleimage.jpg 770w, https:\/\/www.parrocchiadisantandrea.it\/psa\/wp-content\/uploads\/2019\/12\/Avvento-a-Portogruaro-nasce-il-Centro-del-riuso-sociale_articleimage-300x225.jpg 300w, https:\/\/www.parrocchiadisantandrea.it\/psa\/wp-content\/uploads\/2019\/12\/Avvento-a-Portogruaro-nasce-il-Centro-del-riuso-sociale_articleimage-768x576.jpg 768w\" sizes=\"(max-width: 767px) 89vw, (max-width: 1000px) 54vw, (max-width: 1071px) 543px, 580px\" \/><br \/>\n29\/11\/2019 di Leo Collin<br \/>\nHa una bella vetrina come un negozio, ma non lo \u00e8; gli scaffali come un supermercato, ma non lo \u00e8; delle persone che sembrano commessi stipendiati, ma non lo sono. Allora, cosa sar\u00e0 mai?<\/p>\n<p>Per ora chiamiamolo: &#8220;Centro del riuso sociale&#8221;. Ma neppure questo sar\u00e0 il nome definitivo. Per svelare gradualmente il mistero, ne abbiamo parlato con mons. Giuseppe Grillo, parroco di Sant\u2019Andrea e di Sant\u2019Agnese in Portogruaro, &#8220;ideatore e portavoce&#8221; dell\u2019iniziativa, assieme ad una entusiasta ed affiatata \u00e9quipe di collaboratori, appartenenti alla Caritas, alla San Vincenzo, alla Croce Rossa e ad altre parrocchie e gruppi di volontariato.<\/p>\n<p>Si tratta di un &#8220;progetto articolato&#8221;, nato dal vissuto dell\u2019impegno concreto, fatto di relazioni con persone che si trovano in situazione di necessit\u00e0 o di disagio, che desiderano mantenere la propria identit\u00e0 di persone, senza divenire &#8220;assistiti permanenti&#8221;.<\/p>\n<p>Obiettivo: prevenire e contrastare le situazioni di povert\u00e0, attraverso la dinamica del &#8220;riuso&#8221;, evitando inutili sprechi e ammasso di rifiuti.<\/p>\n<p>Alla base del progetto ci stanno delle scelte operative che consentano una duplice valenza. Prima di tutto che ci siano delle persone o famiglie, mosse dalla gioia di donare dei beni usati, non deteriorati, in modo che abbiano una &#8220;seconda vita&#8221;, impreziosita dal fattore &#8220;bisogno e necessit\u00e0&#8221;. Dai vestiti, agli oggetti e biancheria per la casa, le suppellettili, i mobili, i giocattoli, gli articoli per l\u2019infanzia e ogni altro &#8220;bene&#8221;, utile a garantire sussistenza e vita.<\/p>\n<p>E nel contempo, che ci siano altre persone e famiglie mosse dalla necessit\u00e0 di dotarsi di qualsiasi tipo di bene per uso personale, per la casa, il lavoro, la scuola, la cultura, il giardino, l\u2019hobbistica e il tempo libero.<\/p>\n<p>Elemento da non sottovalutare \u00e8 che il libero scambio della merce non vuole avere il sapore dell\u2019erogazione assistenziale di beneficienza. Ma intende responsabilizzare chi richiede l\u2019offerta di un bene, evitando che vada a finire in breve nel bidone dei rifiuti. Per questo viene richiesto ai beneficiari di donare un contributo economico, sia pure &#8220;minimo&#8221;.<\/p>\n<p>L\u2019ambiente in questione potr\u00e0 divenire &#8220;luogo di accoglienza e dialogo&#8221;, per favorire le relazioni tra persone di condizioni sociali, lingua e consuetudini diverse.<\/p>\n<p>Un luogo aperto alla cittadinanza, che potr\u00e0 condividere comportamenti virtuosi, atti a rinsaldare lo spirito di sobriet\u00e0 e solidariet\u00e0. In particolare i giovani. Promuovendo cos\u00ec uno spazio di protagonismo, nell\u2019anno a loro dedicato. Per questo motivo, nei prossimi giorni \u00e8 previsto il coinvolgimento del centinaio di adolescenti e giovani della citt\u00e0, per individuare con loro degli spazi o &#8220;laboratori&#8221; che li coinvolgano con continuit\u00e0. Ad esempio nel settore della &#8220;moda&#8221;, con la signora Carla, per curare l\u2019allestimento della vetrina e l\u2019esposizione dei numerosi abiti. O nel settore dell\u2019immagine, creando con Samuele un &#8220;logo&#8221; che sintetizzi il &#8220;centro e il progetto&#8221;. Oppure costruire gli spazi espositivi con manichini, scansie e mobili, assieme ad Elisa e Stefano. Il &#8220;centro&#8221; viene allestito in via Venanzio, zona rotonda dello Stadio, ove un tempo c\u2019era il Centro di ascolto Caritas.<\/p>\n<p>Fonte: Redazione Online<\/p>\n","protected":false},"excerpt":{"rendered":"<p>Avvento, a Portogruaro nasce il Centro del riuso sociale Riutilizzare mettendo a disposizione nella Parrocchia di Sant\u2019Andrea con vari collaboratori. 29\/11\/2019 di Leo Collin Ha una bella vetrina come un negozio, ma non lo \u00e8; gli scaffali come un supermercato, ma non lo \u00e8; delle persone che sembrano commessi stipendiati, ma non lo sono. Allora, &hellip; <\/p>\n<p class=\"link-more\"><a href=\"https:\/\/www.parrocchiadisantandrea.it\/psa\/2019-avvento-centro-del-riuso\/\" class=\"more-link\">Leggi tutto<span class=\"screen-reader-text\"> &#8220;2019\/ Avvento &#8211; Centro del Riuso&#8221;<\/span><\/a><\/p>\n","protected":false},"author":1,"featured_media":0,"comment_status":"closed","ping_status":"open","sticky":false,"template":"","format":"standard","meta":{"footnotes":""},"categories":[1],"tags":[],"_links":{"self":[{"href":"https:\/\/www.parrocchiadisantandrea.it\/psa\/wp-json\/wp\/v2\/posts\/456"}],"collection":[{"href":"https:\/\/www.parrocchiadisantandrea.it\/psa\/wp-json\/wp\/v2\/posts"}],"about":[{"href":"https:\/\/www.parrocchiadisantandrea.it\/psa\/wp-json\/wp\/v2\/types\/post"}],"author":[{"embeddable":true,"href":"https:\/\/www.parrocchiadisantandrea.it\/psa\/wp-json\/wp\/v2\/users\/1"}],"replies":[{"embeddable":true,"href":"https:\/\/www.parrocchiadisantandrea.it\/psa\/wp-json\/wp\/v2\/comments?post=456"}],"version-history":[{"count":0,"href":"https:\/\/www.parrocchiadisantandrea.it\/psa\/wp-json\/wp\/v2\/posts\/456\/revisions"}],"wp:attachment":[{"href":"https:\/\/www.parrocchiadisantandrea.it\/psa\/wp-json\/wp\/v2\/media?parent=456"}],"wp:term":[{"taxonomy":"category","embeddable":true,"href":"https:\/\/www.parrocchiadisantandrea.it\/psa\/wp-json\/wp\/v2\/categories?post=456"},{"taxonomy":"post_tag","embeddable":true,"href":"https:\/\/www.parrocchiadisantandrea.it\/psa\/wp-json\/wp\/v2\/tags?post=456"}],"curies":[{"name":"wp","href":"https:\/\/api.w.org\/{rel}","templated":true}]}}