{"id":404,"date":"2019-07-22T11:44:05","date_gmt":"2019-07-22T09:44:05","guid":{"rendered":"http:\/\/www.parrocchiadisantandrea.it\/psa\/?p=404"},"modified":"2019-07-22T13:02:39","modified_gmt":"2019-07-22T11:02:39","slug":"2019-luglio-16-madonna-del-carmelo","status":"publish","type":"post","link":"https:\/\/www.parrocchiadisantandrea.it\/psa\/2019-luglio-16-madonna-del-carmelo\/","title":{"rendered":"2019\/ Luglio 16 &#8211; Madonna del Carmelo"},"content":{"rendered":"<p><img loading=\"lazy\" decoding=\"async\" class=\"size-medium wp-image-406 alignleft\" src=\"http:\/\/www.parrocchiadisantandrea.it\/psa\/wp-content\/uploads\/2019\/07\/montecarmelo-300x170.jpg\" alt=\"\" width=\"300\" height=\"170\" srcset=\"https:\/\/www.parrocchiadisantandrea.it\/psa\/wp-content\/uploads\/2019\/07\/montecarmelo-300x170.jpg 300w, https:\/\/www.parrocchiadisantandrea.it\/psa\/wp-content\/uploads\/2019\/07\/montecarmelo.jpg 661w\" sizes=\"(max-width: 300px) 100vw, 300px\" \/><strong>LA MADONNA DEL CARMINE E LO SCAPOLARE<\/strong><br \/>\nLa festa liturgica della Vergine del Monte Carmelo fu istituita per commemorare l\u2019apparizione del 16 luglio 1251 a san Simone Stock, all\u2019epoca priore generale dell\u2019ordine&nbsp;carmelitano, durante la quale la Madonna gli consegn\u00f2 uno scapolar<span style=\"font-size: 1rem;\">e, in tessuto, rivelandogli i privilegi connessi al suo culto.<\/span><\/p>\n<p><strong>L&#8217;APPARIZIONE AD ELIA SUL MONTE CARMELO<\/strong><br \/>\nNel Primo Libro dei Re dell\u2019Antico Testamento si racconta che il profeta Elia, che raccolse una comunit\u00e0 di uomi-ni proprio sul monte Carmelo (in aramaico \u201cgiardino\u201d), oper\u00f2 in difesa della purezza della fede in Dio, vincendo una sfida contro i sacerdoti del dio Baal. Qui, in seguito, si stabilirono delle comunit\u00e0 monastiche cristiane.<br \/>\nI crociati, nell\u2019XI secolo, trovarono in questo luogo dei religiosi che si defini-vano eredi dei discepoli&nbsp;del profeta Elia e seguivano la regola di san Ba-silio. Nel 1154 circa si ritir\u00f2 sul monte il nobile francese Bertoldo, giunto in Palestina con il cugino, patriarca di Antiochia, e venne deciso di riunire gli&nbsp;eremiti a vita cenobitica. I religiosi edificarono una chiesetta in mezzo alle loro celle, dedicandola alla Ver<span style=\"font-size: 1rem;\">gine e presero il nome di Fratelli di Santa Maria del Monte Carmelo. Il Carmelo acquis\u00ec, in tal modo, i suoi due ele-menti caratterizzanti: il riferimento ad Elia ed il legame a Maria Santissima.<\/span><\/p>\n<p><strong>LA SOSTA DELLA SACRA FAMIGLIA<\/strong><br \/>\nIl Monte Carmelo, dove secondo la tradizione la sacra Famiglia sost\u00f2 tornando dall\u2019Egitto, \u00e8 una catena montuosa, che si trova nell\u2019Alta Galilea, una regione dello Stato di Israele che si sviluppa in direzione nordovest-sudest da Haifa a Jenin.<br \/>\n<strong>LA REGOLA DEI CARMELITANI<\/strong><\/p>\n<figure id=\"attachment_407\" aria-describedby=\"caption-attachment-407\" style=\"width: 197px\" class=\"wp-caption alignleft\"><img loading=\"lazy\" decoding=\"async\" class=\"size-medium wp-image-407\" src=\"http:\/\/www.parrocchiadisantandrea.it\/psa\/wp-content\/uploads\/2019\/07\/san-simone-stock-197x300.jpg\" alt=\"\" width=\"197\" height=\"300\" srcset=\"https:\/\/www.parrocchiadisantandrea.it\/psa\/wp-content\/uploads\/2019\/07\/san-simone-stock-197x300.jpg 197w, https:\/\/www.parrocchiadisantandrea.it\/psa\/wp-content\/uploads\/2019\/07\/san-simone-stock.jpg 309w\" sizes=\"(max-width: 197px) 100vw, 197px\" \/><figcaption id=\"caption-attachment-407\" class=\"wp-caption-text\">San Simone Stock riceve le promesse dello Scapolare il 16 Luglio 1251<\/figcaption><\/figure>\n<p>I Carmelitani non hanno mai riconosciuto a nessuno il titolo di fondatore, rimanendo fedeli al modello che vedeva nel profeta Elia uno dei padri della vita monastica.<br \/>\nLa regola, che prescriveva veglie notturne, digiuno, astinenza rigorosi, la pratica della povert\u00e0 e del silenzio, venne approvata il 30 gennaio 1226 da papa Onorio III.<br \/>\nA causa delle incursioni dei saraceni, intorno al 1235, i frati dovettero abban-donare l\u2019Oriente per stabilirsi in Europa e il loro primo convento trov\u00f2 dimora a Messina, in localit\u00e0 Ritiro.<br \/>\nLe notizie sulla vita di san Simone Stock (1165 circa \u2013 16 maggio 1265) sono scarse. Dopo un pellegrinaggio in Terra Santa, matur\u00f2 la decisione di entrare fra i Carmelitani e, completati gli studi a Roma, venne ordinato sacerdote. Intorno al 1247, quando aveva gi\u00e0 82 anni, venne scelto come sesto priore generale dell\u2019Ordine. Si adoper\u00f2 per riformare la regola dei Carmelitani, facendone un ordine mendicante: papa Innocenzo IV, nel 1251, approv\u00f2 la nuova regola e garant\u00ec all\u2019Ordine anche la particolare protezione da parte della Santa Sede.<br \/>\n<strong>LO SCAPOLARE CHE LIBERA DALLE PENE DEL PURGATORIO<\/strong><br \/>\nProprio a san Simone Stock, che propag\u00f2 la devozione della Madonna del Carmelo e compose per Lei un bellissimo inno, la Madonna assicur\u00f2 che quanti si fossero spenti indossando lo scapolare sarebbero stati liberati dalle pene del Purgatorio, affermando: \u00abQuesto \u00e8 il privilegio per te e per i tuoi: chiunque morir\u00e0 rive-stendolo, sar\u00e0 salvo\u00bb. La consacrazione alla Madonna, mediante lo scapolare, si traduce anzitutto nello sforzo di imitarla, a fare ogni cosa come Lei l\u2019avrebbe compiuta.<\/p>\n","protected":false},"excerpt":{"rendered":"<p>LA MADONNA DEL CARMINE E LO SCAPOLARE La festa liturgica della Vergine del Monte Carmelo fu istituita per commemorare l\u2019apparizione del 16 luglio 1251 a san Simone Stock, all\u2019epoca priore generale dell\u2019ordine&nbsp;carmelitano, durante la quale la Madonna gli consegn\u00f2 uno scapolare, in tessuto, rivelandogli i privilegi connessi al suo culto. L&#8217;APPARIZIONE AD ELIA SUL MONTE &hellip; <\/p>\n<p class=\"link-more\"><a href=\"https:\/\/www.parrocchiadisantandrea.it\/psa\/2019-luglio-16-madonna-del-carmelo\/\" class=\"more-link\">Leggi tutto<span class=\"screen-reader-text\"> &#8220;2019\/ Luglio 16 &#8211; Madonna del Carmelo&#8221;<\/span><\/a><\/p>\n","protected":false},"author":1,"featured_media":0,"comment_status":"closed","ping_status":"open","sticky":false,"template":"","format":"standard","meta":{"footnotes":""},"categories":[14,1],"tags":[],"_links":{"self":[{"href":"https:\/\/www.parrocchiadisantandrea.it\/psa\/wp-json\/wp\/v2\/posts\/404"}],"collection":[{"href":"https:\/\/www.parrocchiadisantandrea.it\/psa\/wp-json\/wp\/v2\/posts"}],"about":[{"href":"https:\/\/www.parrocchiadisantandrea.it\/psa\/wp-json\/wp\/v2\/types\/post"}],"author":[{"embeddable":true,"href":"https:\/\/www.parrocchiadisantandrea.it\/psa\/wp-json\/wp\/v2\/users\/1"}],"replies":[{"embeddable":true,"href":"https:\/\/www.parrocchiadisantandrea.it\/psa\/wp-json\/wp\/v2\/comments?post=404"}],"version-history":[{"count":0,"href":"https:\/\/www.parrocchiadisantandrea.it\/psa\/wp-json\/wp\/v2\/posts\/404\/revisions"}],"wp:attachment":[{"href":"https:\/\/www.parrocchiadisantandrea.it\/psa\/wp-json\/wp\/v2\/media?parent=404"}],"wp:term":[{"taxonomy":"category","embeddable":true,"href":"https:\/\/www.parrocchiadisantandrea.it\/psa\/wp-json\/wp\/v2\/categories?post=404"},{"taxonomy":"post_tag","embeddable":true,"href":"https:\/\/www.parrocchiadisantandrea.it\/psa\/wp-json\/wp\/v2\/tags?post=404"}],"curies":[{"name":"wp","href":"https:\/\/api.w.org\/{rel}","templated":true}]}}