{"id":378,"date":"2019-06-22T17:26:32","date_gmt":"2019-06-22T15:26:32","guid":{"rendered":"http:\/\/www.parrocchiadisantandrea.it\/psa\/?p=378"},"modified":"2019-06-22T17:26:32","modified_gmt":"2019-06-22T15:26:32","slug":"2019-giu-il-papa-a-camerino","status":"publish","type":"post","link":"https:\/\/www.parrocchiadisantandrea.it\/psa\/2019-giu-il-papa-a-camerino\/","title":{"rendered":"2019\/ Giu &#8211; Il Papa a Camerino"},"content":{"rendered":"<p><img loading=\"lazy\" decoding=\"async\" class=\"alignleft size-full wp-image-379\" src=\"http:\/\/www.parrocchiadisantandrea.it\/psa\/wp-content\/uploads\/2019\/06\/190623_fpapacamerino.jpg\" alt=\"\" width=\"293\" height=\"334\" srcset=\"https:\/\/www.parrocchiadisantandrea.it\/psa\/wp-content\/uploads\/2019\/06\/190623_fpapacamerino.jpg 293w, https:\/\/www.parrocchiadisantandrea.it\/psa\/wp-content\/uploads\/2019\/06\/190623_fpapacamerino-263x300.jpg 263w\" sizes=\"(max-width: 293px) 100vw, 293px\" \/>All\u2019indomani della visita del Papa alle popolazioni terremotate dell\u2019arcidiocesi di Camerino \u2013 San Severino Marche, il parroco della chiesa di San Venanzio, racconta la gratitudine sua e dei suoi parrocchiani \u201cCi siamo risvegliati tutti, la citt\u00e0 intera, pieni di gioia perch\u00e9 \u00e8 stato un giorno di grazia, un giorno tanto desiderato e bello, in cui tutti hanno potuto toccare con mano la grande umanit\u00e0 di Papa Francesco\u201d. \u201cMi ha colpito in particolare il fatto che sia riuscito a toccare in profondit\u00e0 le questioni della sofferenza di questi anni e che sia riuscito a farci sentire la sua vicinanza &#8230; anche se non lo abbiamo mai sentito lontano, perch\u00e9 in tanti momenti e tante occasioni \u00e8 stato accanto a noi\u201d.<\/p>\n","protected":false},"excerpt":{"rendered":"<p>All\u2019indomani della visita del Papa alle popolazioni terremotate dell\u2019arcidiocesi di Camerino \u2013 San Severino Marche, il parroco della chiesa di San Venanzio, racconta la gratitudine sua e dei suoi parrocchiani \u201cCi siamo risvegliati tutti, la citt\u00e0 intera, pieni di gioia perch\u00e9 \u00e8 stato un giorno di grazia, un giorno tanto desiderato e bello, in cui &hellip; <\/p>\n<p class=\"link-more\"><a href=\"https:\/\/www.parrocchiadisantandrea.it\/psa\/2019-giu-il-papa-a-camerino\/\" class=\"more-link\">Leggi tutto<span class=\"screen-reader-text\"> &#8220;2019\/ Giu &#8211; Il Papa a Camerino&#8221;<\/span><\/a><\/p>\n","protected":false},"author":1,"featured_media":0,"comment_status":"closed","ping_status":"open","sticky":false,"template":"","format":"standard","meta":{"footnotes":""},"categories":[4,8,13],"tags":[],"_links":{"self":[{"href":"https:\/\/www.parrocchiadisantandrea.it\/psa\/wp-json\/wp\/v2\/posts\/378"}],"collection":[{"href":"https:\/\/www.parrocchiadisantandrea.it\/psa\/wp-json\/wp\/v2\/posts"}],"about":[{"href":"https:\/\/www.parrocchiadisantandrea.it\/psa\/wp-json\/wp\/v2\/types\/post"}],"author":[{"embeddable":true,"href":"https:\/\/www.parrocchiadisantandrea.it\/psa\/wp-json\/wp\/v2\/users\/1"}],"replies":[{"embeddable":true,"href":"https:\/\/www.parrocchiadisantandrea.it\/psa\/wp-json\/wp\/v2\/comments?post=378"}],"version-history":[{"count":0,"href":"https:\/\/www.parrocchiadisantandrea.it\/psa\/wp-json\/wp\/v2\/posts\/378\/revisions"}],"wp:attachment":[{"href":"https:\/\/www.parrocchiadisantandrea.it\/psa\/wp-json\/wp\/v2\/media?parent=378"}],"wp:term":[{"taxonomy":"category","embeddable":true,"href":"https:\/\/www.parrocchiadisantandrea.it\/psa\/wp-json\/wp\/v2\/categories?post=378"},{"taxonomy":"post_tag","embeddable":true,"href":"https:\/\/www.parrocchiadisantandrea.it\/psa\/wp-json\/wp\/v2\/tags?post=378"}],"curies":[{"name":"wp","href":"https:\/\/api.w.org\/{rel}","templated":true}]}}