{"id":372,"date":"2019-06-16T21:02:39","date_gmt":"2019-06-16T19:02:39","guid":{"rendered":"http:\/\/www.parrocchiadisantandrea.it\/psa\/?p=372"},"modified":"2019-06-16T21:06:34","modified_gmt":"2019-06-16T19:06:34","slug":"2019-giu-giornata-dei-poveri","status":"publish","type":"post","link":"https:\/\/www.parrocchiadisantandrea.it\/psa\/2019-giu-giornata-dei-poveri\/","title":{"rendered":"2019\/ Giu Giornata dei poveri"},"content":{"rendered":"<p><strong>Papa: non sono numeri ma persone cui andare incontro<\/strong><br \/>\n<img loading=\"lazy\" decoding=\"async\" class=\"alignleft size-medium wp-image-373\" src=\"http:\/\/www.parrocchiadisantandrea.it\/psa\/wp-content\/uploads\/2019\/06\/Papa-con-i-poveri-300x168.jpg\" alt=\"\" width=\"300\" height=\"168\" srcset=\"https:\/\/www.parrocchiadisantandrea.it\/psa\/wp-content\/uploads\/2019\/06\/Papa-con-i-poveri-300x168.jpg 300w, https:\/\/www.parrocchiadisantandrea.it\/psa\/wp-content\/uploads\/2019\/06\/Papa-con-i-poveri.jpg 749w\" sizes=\"(max-width: 300px) 100vw, 300px\" \/>&#8220;La speranza dei poveri non sar\u00e0 mai delusa&#8221; (Sal 9,19). Le parole del Salmo danno il titolo al Messaggio del Papa per la terza Giornata Mondiale dei Poveri che ricorre il 17 novembre. Ne sono protagonisti uomini, donne, giovani, bambini: vittime delle nuove schiavit\u00f9 che li rendono immigrati, orfani, senzatetto, emarginati. I poveri sono il frutto sempre pi\u00f9 numeroso di una societ\u00e0 dai forti squilibri sociali che costruisce muri e sbarra ingressi e che vorrebbe sbarazzarsi di loro; ma sono anche coloro che &#8220;confidano nel Signore&#8221; e la Chiesa, come ciascun cristiano, \u00e8 chiamata ad un impegno particolare nei loro confronti.<br \/>\nLa Chiesa \u00e8 &#8220;popolo&#8221;, chiarisce Francesco, con la vocazione di &#8220;non far sentire nessuno straniero o escluso&#8221; in quanto coinvolti tutti in un medesimo &#8220;cammino di salvezza&#8221; :&nbsp;Siamo chiamati, piuttosto, a toccare la sua carne per comprometterci in prima persona in un servizio che \u00e8 autentica evangelizzazione. La promozione anche sociale dei poveri non \u00e8 un impegno esterno all\u2019annuncio del Vangelo, al contrario, manifesta il realismo della fede cristiana e la sua validit\u00e0 storica. L\u2019amore che d\u00e0 vita alla fede in Ges\u00f9 non permette ai suoi discepoli di rinchiudersi in un individualismo asfissiante, nascosto in segmenti di intimit\u00e0 spirituale, senza alcun influsso sulla vita sociale<\/p>\n","protected":false},"excerpt":{"rendered":"<p>Papa: non sono numeri ma persone cui andare incontro &#8220;La speranza dei poveri non sar\u00e0 mai delusa&#8221; (Sal 9,19). Le parole del Salmo danno il titolo al Messaggio del Papa per la terza Giornata Mondiale dei Poveri che ricorre il 17 novembre. Ne sono protagonisti uomini, donne, giovani, bambini: vittime delle nuove schiavit\u00f9 che li &hellip; <\/p>\n<p class=\"link-more\"><a href=\"https:\/\/www.parrocchiadisantandrea.it\/psa\/2019-giu-giornata-dei-poveri\/\" class=\"more-link\">Leggi tutto<span class=\"screen-reader-text\"> &#8220;2019\/ Giu Giornata dei poveri&#8221;<\/span><\/a><\/p>\n","protected":false},"author":1,"featured_media":0,"comment_status":"closed","ping_status":"open","sticky":false,"template":"","format":"standard","meta":{"footnotes":""},"categories":[1],"tags":[],"_links":{"self":[{"href":"https:\/\/www.parrocchiadisantandrea.it\/psa\/wp-json\/wp\/v2\/posts\/372"}],"collection":[{"href":"https:\/\/www.parrocchiadisantandrea.it\/psa\/wp-json\/wp\/v2\/posts"}],"about":[{"href":"https:\/\/www.parrocchiadisantandrea.it\/psa\/wp-json\/wp\/v2\/types\/post"}],"author":[{"embeddable":true,"href":"https:\/\/www.parrocchiadisantandrea.it\/psa\/wp-json\/wp\/v2\/users\/1"}],"replies":[{"embeddable":true,"href":"https:\/\/www.parrocchiadisantandrea.it\/psa\/wp-json\/wp\/v2\/comments?post=372"}],"version-history":[{"count":0,"href":"https:\/\/www.parrocchiadisantandrea.it\/psa\/wp-json\/wp\/v2\/posts\/372\/revisions"}],"wp:attachment":[{"href":"https:\/\/www.parrocchiadisantandrea.it\/psa\/wp-json\/wp\/v2\/media?parent=372"}],"wp:term":[{"taxonomy":"category","embeddable":true,"href":"https:\/\/www.parrocchiadisantandrea.it\/psa\/wp-json\/wp\/v2\/categories?post=372"},{"taxonomy":"post_tag","embeddable":true,"href":"https:\/\/www.parrocchiadisantandrea.it\/psa\/wp-json\/wp\/v2\/tags?post=372"}],"curies":[{"name":"wp","href":"https:\/\/api.w.org\/{rel}","templated":true}]}}