{"id":371,"date":"2019-06-16T20:58:41","date_gmt":"2019-06-16T18:58:41","guid":{"rendered":"http:\/\/www.parrocchiadisantandrea.it\/psa\/?p=371"},"modified":"2019-06-16T20:58:41","modified_gmt":"2019-06-16T18:58:41","slug":"2019-giu-vocazione-al-servizio-del-cristiano","status":"publish","type":"post","link":"https:\/\/www.parrocchiadisantandrea.it\/psa\/2019-giu-vocazione-al-servizio-del-cristiano\/","title":{"rendered":"2019\/ Giu Vocazione al servizio del cristiano"},"content":{"rendered":"<p><strong>La vocazione del cristiano \u00e8 a servire, non a &#8220;servirsi di&#8221;<\/strong><br \/>\nLa vita cristiana \u00e8 per servire e [&#8230;] poi \u00e8 \u201cuna vita di gratuit\u00e0\u201d.<br \/>\nIl Signore va al nocciolo della salvezza: \u201cGratuitamente avete ricevuto, gratuitamente date\u201d. La salvezza \u201cnon si compra\u201d, \u201cci \u00e8 data gratuitamente\u201d, e Dio, infat-ti, \u201cci salva gratis\u201d, \u201cnon ci fa pagare\u201d.<br \/>\nE come Dio ha fatto con noi, cos\u00ec \u201cnoi dobbiamo fare con gli altri\u201d. E proprio questa gratuit\u00e0 di Dio \u201c\u00e8 una delle cose pi\u00f9 belle\u201d.<br \/>\nIl Signore \u00e8 pieno di doni da darci. Soltanto, chiede una cosa: che il nostro cuore si apra. Quando noi diciamo \u201cPadre nostro\u201d e preghiamo, apriamo il cuore, perch\u00e9 questa gratuit\u00e0 venga. Non c\u2019\u00e8 rapporto con Dio fuori dalla gratuit\u00e0.<\/p>\n","protected":false},"excerpt":{"rendered":"<p>La vocazione del cristiano \u00e8 a servire, non a &#8220;servirsi di&#8221; La vita cristiana \u00e8 per servire e [&#8230;] poi \u00e8 \u201cuna vita di gratuit\u00e0\u201d. Il Signore va al nocciolo della salvezza: \u201cGratuitamente avete ricevuto, gratuitamente date\u201d. La salvezza \u201cnon si compra\u201d, \u201cci \u00e8 data gratuitamente\u201d, e Dio, infat-ti, \u201cci salva gratis\u201d, \u201cnon ci fa &hellip; <\/p>\n<p class=\"link-more\"><a href=\"https:\/\/www.parrocchiadisantandrea.it\/psa\/2019-giu-vocazione-al-servizio-del-cristiano\/\" class=\"more-link\">Leggi tutto<span class=\"screen-reader-text\"> &#8220;2019\/ Giu Vocazione al servizio del cristiano&#8221;<\/span><\/a><\/p>\n","protected":false},"author":1,"featured_media":0,"comment_status":"closed","ping_status":"open","sticky":false,"template":"","format":"standard","meta":{"footnotes":""},"categories":[14,13],"tags":[],"_links":{"self":[{"href":"https:\/\/www.parrocchiadisantandrea.it\/psa\/wp-json\/wp\/v2\/posts\/371"}],"collection":[{"href":"https:\/\/www.parrocchiadisantandrea.it\/psa\/wp-json\/wp\/v2\/posts"}],"about":[{"href":"https:\/\/www.parrocchiadisantandrea.it\/psa\/wp-json\/wp\/v2\/types\/post"}],"author":[{"embeddable":true,"href":"https:\/\/www.parrocchiadisantandrea.it\/psa\/wp-json\/wp\/v2\/users\/1"}],"replies":[{"embeddable":true,"href":"https:\/\/www.parrocchiadisantandrea.it\/psa\/wp-json\/wp\/v2\/comments?post=371"}],"version-history":[{"count":0,"href":"https:\/\/www.parrocchiadisantandrea.it\/psa\/wp-json\/wp\/v2\/posts\/371\/revisions"}],"wp:attachment":[{"href":"https:\/\/www.parrocchiadisantandrea.it\/psa\/wp-json\/wp\/v2\/media?parent=371"}],"wp:term":[{"taxonomy":"category","embeddable":true,"href":"https:\/\/www.parrocchiadisantandrea.it\/psa\/wp-json\/wp\/v2\/categories?post=371"},{"taxonomy":"post_tag","embeddable":true,"href":"https:\/\/www.parrocchiadisantandrea.it\/psa\/wp-json\/wp\/v2\/tags?post=371"}],"curies":[{"name":"wp","href":"https:\/\/api.w.org\/{rel}","templated":true}]}}