{"id":264,"date":"2018-02-20T18:31:34","date_gmt":"2018-02-20T17:31:34","guid":{"rendered":"http:\/\/www.parrocchiadisantandrea.it\/psa\/?p=264"},"modified":"2018-02-20T18:31:34","modified_gmt":"2018-02-20T17:31:34","slug":"2018-feb-messaggio-per-la-quaresima-di-papa-francesco","status":"publish","type":"post","link":"https:\/\/www.parrocchiadisantandrea.it\/psa\/2018-feb-messaggio-per-la-quaresima-di-papa-francesco\/","title":{"rendered":"2018\/ Feb Messaggio per la Quaresima di Papa Francesco"},"content":{"rendered":"<p>Nel messaggio per la Quaresima Papa Francesco chiede ai cristiani di guardare se il loro cuore \u00e8 minacciato dalle menzogne che rendono schiavi del piacere, del denaro, della droga, delle relazioni &#8220;usa e getta&#8221; e della realt\u00e0 virtuale dei social.<br \/>\nPer guarire dal gelo dell&#8217;amore soffocato &#8230;<br \/>\n&#8230; invito soprattutto i membri della Chiesa a intraprendere con zelo il cammino della Quaresima, sorretti dall&#8217;elemosina, dal digiuno e&nbsp;dalla preghiera. Se a volte la carit\u00e0 sembra spegnersi in tanti cuori, essa non lo \u00e8 nel cuore di Dio! Egli ci dona sempre nuove occasioni affinch\u00e9 possiamo ricominciare ad amare. [&#8230;]<br \/>\nPoi aggiunge:<br \/>\nVorrei che la mia voce giungesse al di l\u00e0 dei confini della Chiesa Cattolica, per raggiungere tutti voi, uomini e donne d\u00ed buona volont\u00e0, aperti all&#8217;ascolto di Dio. Se come noi [&#8230;] vi preoccupa il gelo che paralizza i cuori e le azioni, se vedete venire meno il senso di comune uman\u00ect\u00e0, unitevi a noi per invocare insieme Dio, per digiunare insieme e insieme a noi donare quanto potete per aiutare i fratelli!<\/p>\n","protected":false},"excerpt":{"rendered":"<p>Nel messaggio per la Quaresima Papa Francesco chiede ai cristiani di guardare se il loro cuore \u00e8 minacciato dalle menzogne che rendono schiavi del piacere, del denaro, della droga, delle relazioni &#8220;usa e getta&#8221; e della realt\u00e0 virtuale dei social. Per guarire dal gelo dell&#8217;amore soffocato &#8230; &#8230; invito soprattutto i membri della Chiesa a &hellip; <\/p>\n<p class=\"link-more\"><a href=\"https:\/\/www.parrocchiadisantandrea.it\/psa\/2018-feb-messaggio-per-la-quaresima-di-papa-francesco\/\" class=\"more-link\">Leggi tutto<span class=\"screen-reader-text\"> &#8220;2018\/ Feb Messaggio per la Quaresima di Papa Francesco&#8221;<\/span><\/a><\/p>\n","protected":false},"author":1,"featured_media":0,"comment_status":"closed","ping_status":"open","sticky":false,"template":"","format":"standard","meta":{"footnotes":""},"categories":[8,6],"tags":[],"_links":{"self":[{"href":"https:\/\/www.parrocchiadisantandrea.it\/psa\/wp-json\/wp\/v2\/posts\/264"}],"collection":[{"href":"https:\/\/www.parrocchiadisantandrea.it\/psa\/wp-json\/wp\/v2\/posts"}],"about":[{"href":"https:\/\/www.parrocchiadisantandrea.it\/psa\/wp-json\/wp\/v2\/types\/post"}],"author":[{"embeddable":true,"href":"https:\/\/www.parrocchiadisantandrea.it\/psa\/wp-json\/wp\/v2\/users\/1"}],"replies":[{"embeddable":true,"href":"https:\/\/www.parrocchiadisantandrea.it\/psa\/wp-json\/wp\/v2\/comments?post=264"}],"version-history":[{"count":0,"href":"https:\/\/www.parrocchiadisantandrea.it\/psa\/wp-json\/wp\/v2\/posts\/264\/revisions"}],"wp:attachment":[{"href":"https:\/\/www.parrocchiadisantandrea.it\/psa\/wp-json\/wp\/v2\/media?parent=264"}],"wp:term":[{"taxonomy":"category","embeddable":true,"href":"https:\/\/www.parrocchiadisantandrea.it\/psa\/wp-json\/wp\/v2\/categories?post=264"},{"taxonomy":"post_tag","embeddable":true,"href":"https:\/\/www.parrocchiadisantandrea.it\/psa\/wp-json\/wp\/v2\/tags?post=264"}],"curies":[{"name":"wp","href":"https:\/\/api.w.org\/{rel}","templated":true}]}}