{"id":259,"date":"2018-01-28T21:55:21","date_gmt":"2018-01-28T20:55:21","guid":{"rendered":"http:\/\/www.parrocchiadisantandrea.it\/psa\/?p=259"},"modified":"2018-01-28T21:55:21","modified_gmt":"2018-01-28T20:55:21","slug":"2018-gen-mons-livio-corazza-nominato-vescovo","status":"publish","type":"post","link":"https:\/\/www.parrocchiadisantandrea.it\/psa\/2018-gen-mons-livio-corazza-nominato-vescovo\/","title":{"rendered":"2018\/ Gen Mons. Livio Corazza, nominato Vescovo"},"content":{"rendered":"<p>Mons. Livio Corazza, nominato Vescovo di Forli-Bertinoro.<\/p>\n<p>L&#8217;annuncio ufficiale \u00e8 stato dato il 23 gennaio a Pordenone nella Curia Vescovile e \u00edn contemporanea a Forl\u00ec. A Concordia, dove mons. Livio \u00e8 parroco, il suono festoso delle campane ha annunciato la notizia.<br \/>\nMentre le nostre parrocchie si rallegrano per la nomina, assicurano a Mons. Livio la preghiera al Signore per la Sua missione di Pastore nella diocesi di Forl\u00ec-Bertinoro e gli augurano un fecondo ministero.<\/p>\n","protected":false},"excerpt":{"rendered":"<p>Mons. Livio Corazza, nominato Vescovo di Forli-Bertinoro. L&#8217;annuncio ufficiale \u00e8 stato dato il 23 gennaio a Pordenone nella Curia Vescovile e \u00edn contemporanea a Forl\u00ec. A Concordia, dove mons. Livio \u00e8 parroco, il suono festoso delle campane ha annunciato la notizia. Mentre le nostre parrocchie si rallegrano per la nomina, assicurano a Mons. Livio la &hellip; <\/p>\n<p class=\"link-more\"><a href=\"https:\/\/www.parrocchiadisantandrea.it\/psa\/2018-gen-mons-livio-corazza-nominato-vescovo\/\" class=\"more-link\">Leggi tutto<span class=\"screen-reader-text\"> &#8220;2018\/ Gen Mons. Livio Corazza, nominato Vescovo&#8221;<\/span><\/a><\/p>\n","protected":false},"author":1,"featured_media":0,"comment_status":"closed","ping_status":"open","sticky":false,"template":"","format":"standard","meta":{"footnotes":""},"categories":[4],"tags":[],"_links":{"self":[{"href":"https:\/\/www.parrocchiadisantandrea.it\/psa\/wp-json\/wp\/v2\/posts\/259"}],"collection":[{"href":"https:\/\/www.parrocchiadisantandrea.it\/psa\/wp-json\/wp\/v2\/posts"}],"about":[{"href":"https:\/\/www.parrocchiadisantandrea.it\/psa\/wp-json\/wp\/v2\/types\/post"}],"author":[{"embeddable":true,"href":"https:\/\/www.parrocchiadisantandrea.it\/psa\/wp-json\/wp\/v2\/users\/1"}],"replies":[{"embeddable":true,"href":"https:\/\/www.parrocchiadisantandrea.it\/psa\/wp-json\/wp\/v2\/comments?post=259"}],"version-history":[{"count":0,"href":"https:\/\/www.parrocchiadisantandrea.it\/psa\/wp-json\/wp\/v2\/posts\/259\/revisions"}],"wp:attachment":[{"href":"https:\/\/www.parrocchiadisantandrea.it\/psa\/wp-json\/wp\/v2\/media?parent=259"}],"wp:term":[{"taxonomy":"category","embeddable":true,"href":"https:\/\/www.parrocchiadisantandrea.it\/psa\/wp-json\/wp\/v2\/categories?post=259"},{"taxonomy":"post_tag","embeddable":true,"href":"https:\/\/www.parrocchiadisantandrea.it\/psa\/wp-json\/wp\/v2\/tags?post=259"}],"curies":[{"name":"wp","href":"https:\/\/api.w.org\/{rel}","templated":true}]}}