{"id":251,"date":"2018-01-16T10:08:35","date_gmt":"2018-01-16T09:08:35","guid":{"rendered":"http:\/\/www.parrocchiadisantandrea.it\/psa\/?p=251"},"modified":"2018-01-16T14:18:53","modified_gmt":"2018-01-16T13:18:53","slug":"2018-gen-settimana-di-preghiera-per-lunita-dei-cristiani","status":"publish","type":"post","link":"https:\/\/www.parrocchiadisantandrea.it\/psa\/2018-gen-settimana-di-preghiera-per-lunita-dei-cristiani\/","title":{"rendered":"2018\/ Gen Settimana di preghiera per l&#8217;unit\u00e0 dei cristiani"},"content":{"rendered":"<p>Tema di quest&#8217;anno: <strong>Potente \u00e8 la tua mano, Signore<\/strong> (Esodo 15, 6)<br \/>\nLa data tradizionale per la celebrazione della Settimana di preghiera per l&#8217;unit\u00e0 dei cristiani, nell&#8217;emisfero nord, va dal 18 al 25 gennaio, perch\u00e9 compresa tra la festa della cattedra di san Pietro e quella della conversione di san Paolo; ma cercare l&#8217;unit\u00e0 \u00e9 un impegno per tutto l&#8217;anno per pregare insieme per il raggiungimento della piena unit\u00e0 che \u00e8 il volere di Cristo stesso.<div id=\"pressrelease-link-251\" class=\"sh-link pressrelease-link sh-hide\"><a href=\"#\" onclick=\"showhide_toggle('pressrelease', 251, 'Leggi tutto...', 'Nacondi testo...'); return false;\" aria-expanded=\"false\"><span id=\"pressrelease-toggle-251\">Leggi tutto...<\/span><\/a><\/div><div id=\"pressrelease-content-251\" class=\"sh-content pressrelease-content sh-hide\" style=\"display: none;\"><br \/>\nAPPUNTAMENTI<br \/>\n&#8220;La Tua mano libera e guarisce&#8221;<br \/>\nVenerd\u00ec 19 gennaio 2018 ore 20.30<br \/>\nFrattina<br \/>\nChiesa San Nicol\u00f2 Vescovo<\/p>\n<p>&#8220;Non pi\u00f9 schiavi ma fratelli&#8217;<br \/>\nMarted\u00ec 23 Gennaio 2018 ore 20.30<br \/>\nPordenone &#8211; Chiesa Cristiana Evangelica Battista &#8211; Viale Grigoletti<\/div><\/p>\n","protected":false},"excerpt":{"rendered":"<p>Tema di quest&#8217;anno: Potente \u00e8 la tua mano, Signore (Esodo 15, 6) La data tradizionale per la celebrazione della Settimana di preghiera per l&#8217;unit\u00e0 dei cristiani, nell&#8217;emisfero nord, va dal 18 al 25 gennaio, perch\u00e9 compresa tra la festa della cattedra di san Pietro e quella della conversione di san Paolo; ma cercare l&#8217;unit\u00e0 \u00e9 &hellip; <\/p>\n<p class=\"link-more\"><a href=\"https:\/\/www.parrocchiadisantandrea.it\/psa\/2018-gen-settimana-di-preghiera-per-lunita-dei-cristiani\/\" class=\"more-link\">Leggi tutto<span class=\"screen-reader-text\"> &#8220;2018\/ Gen Settimana di preghiera per l&#8217;unit\u00e0 dei cristiani&#8221;<\/span><\/a><\/p>\n","protected":false},"author":1,"featured_media":0,"comment_status":"closed","ping_status":"open","sticky":false,"template":"","format":"standard","meta":{"footnotes":""},"categories":[11],"tags":[],"_links":{"self":[{"href":"https:\/\/www.parrocchiadisantandrea.it\/psa\/wp-json\/wp\/v2\/posts\/251"}],"collection":[{"href":"https:\/\/www.parrocchiadisantandrea.it\/psa\/wp-json\/wp\/v2\/posts"}],"about":[{"href":"https:\/\/www.parrocchiadisantandrea.it\/psa\/wp-json\/wp\/v2\/types\/post"}],"author":[{"embeddable":true,"href":"https:\/\/www.parrocchiadisantandrea.it\/psa\/wp-json\/wp\/v2\/users\/1"}],"replies":[{"embeddable":true,"href":"https:\/\/www.parrocchiadisantandrea.it\/psa\/wp-json\/wp\/v2\/comments?post=251"}],"version-history":[{"count":0,"href":"https:\/\/www.parrocchiadisantandrea.it\/psa\/wp-json\/wp\/v2\/posts\/251\/revisions"}],"wp:attachment":[{"href":"https:\/\/www.parrocchiadisantandrea.it\/psa\/wp-json\/wp\/v2\/media?parent=251"}],"wp:term":[{"taxonomy":"category","embeddable":true,"href":"https:\/\/www.parrocchiadisantandrea.it\/psa\/wp-json\/wp\/v2\/categories?post=251"},{"taxonomy":"post_tag","embeddable":true,"href":"https:\/\/www.parrocchiadisantandrea.it\/psa\/wp-json\/wp\/v2\/tags?post=251"}],"curies":[{"name":"wp","href":"https:\/\/api.w.org\/{rel}","templated":true}]}}