{"id":249,"date":"2018-01-16T10:06:06","date_gmt":"2018-01-16T09:06:06","guid":{"rendered":"http:\/\/www.parrocchiadisantandrea.it\/psa\/?p=249"},"modified":"2018-01-16T14:26:17","modified_gmt":"2018-01-16T13:26:17","slug":"2018-gen-siamo-venuti-per-adorarlo","status":"publish","type":"post","link":"https:\/\/www.parrocchiadisantandrea.it\/psa\/2018-gen-siamo-venuti-per-adorarlo\/","title":{"rendered":"2018\/ Gen Siamo venuti per adorarlo"},"content":{"rendered":"<p><em>Esperienza solidale dei nostri ragazzi a Bologna presso strutture che portano sollievo a tanti fratelli bisognosi.<\/em><br \/>\n<img loading=\"lazy\" decoding=\"async\" class=\"alignleft size-medium wp-image-257\" src=\"http:\/\/www.parrocchiadisantandrea.it\/psa\/wp-content\/uploads\/2018\/01\/giovani-volontariato-2-300x216.jpg\" alt=\"\" width=\"300\" height=\"216\" srcset=\"https:\/\/www.parrocchiadisantandrea.it\/psa\/wp-content\/uploads\/2018\/01\/giovani-volontariato-2-300x216.jpg 300w, https:\/\/www.parrocchiadisantandrea.it\/psa\/wp-content\/uploads\/2018\/01\/giovani-volontariato-2-768x554.jpg 768w, https:\/\/www.parrocchiadisantandrea.it\/psa\/wp-content\/uploads\/2018\/01\/giovani-volontariato-2.jpg 1000w\" sizes=\"(max-width: 300px) 100vw, 300px\" \/>Non sempre possiamo tenere sotto controllo ci\u00f2 che dobbiamo affrontare, soprattutto se s\u00ed tratta di persone e non di cose. Un conto \u00e8 prepararsi per una verifica, studiando tutto ci\u00f2 che bisogna sapere da un libro; e un conto \u00e8 incontrare delle persone mai viste prima d&#8217;ora, di cui non si conoscono le reazioni e i modi d\u00ed fare. 50 animatori dell&#8217;oratorio P\u00edo X subito dopo Natale sono partiti alla volta d\u00ed Bologna a portare un aiuto a chi si occupa di persone senza dimora, con difficolt\u00e0 economiche o disabili.<div id=\"pressrelease-link-249\" class=\"sh-link pressrelease-link sh-hide\"><a href=\"#\" onclick=\"showhide_toggle('pressrelease', 249, 'Leggi tutto...', 'Nacondi testo...'); return false;\" aria-expanded=\"false\"><span id=\"pressrelease-toggle-249\">Leggi tutto...<\/span><\/a><\/div><div id=\"pressrelease-content-249\" class=\"sh-content pressrelease-content sh-hide\" style=\"display: none;\"><br \/>\nAbbiamo portato il nostro servizio in associazioni come l&#8217;Arca, che si occupa di persone con disabilit\u00e0 mentali, l&#8217;Opera Marella che si prende cura dei profughi, l&#8217;Antoniano, una mensa che serve pa- sti a chi a problemi economici, alle mense S. Petronio, S. Famiglia, Angeli Custodi e alle cucine popolari che garantiscono i pasti alle persone pi\u00f9 povere, alle Suore della Madre Teresa che accolgono le madri e i bambini abbandonati o all&#8217;happy center, un luogo di relazioni che accoglie e permette di stare insieme, dove ciascuno pu\u00f2 dare il proprio contributo, condividere idee, emozioni, problemi e soluzioni.<br \/>\nSiamo entrati in contatto con realt\u00e0 diverse dalle nostre, che credevamo di conoscere, e dalle quali abbiamo imparato molto. A primo impatto c&#8217;\u00e8 stato un po&#8217; di disagio soprattutto perch\u00e9 abbiamo avuto di fronte persone sconosciute, di cui non sapevamo nulla. Ma dopo aver capito come fossero, il disagio iniziale \u00e8 scomparso. Da queste persone abbiamo imparato tanto, abbiamo incontrato ragazzi che, nonostante qualche problema fisico o mentale, sanno sorridere anche per le piccole cose, che magari noi non avremmo mai notato.<br \/>\nAbbiamo conosciuto persone con una profondit\u00e0 tale da cui si pu\u00f2 solo imparare.<br \/>\nSicuramente \u00e8 stata un&#8217;esperienza che porteremo nel cuore per sempre.<\/p>\n<p style=\"text-align: right;\"><em>an. Elisabetta Terenzi<\/div><\/em><\/p>\n","protected":false},"excerpt":{"rendered":"<p>Esperienza solidale dei nostri ragazzi a Bologna presso strutture che portano sollievo a tanti fratelli bisognosi. Non sempre possiamo tenere sotto controllo ci\u00f2 che dobbiamo affrontare, soprattutto se s\u00ed tratta di persone e non di cose. Un conto \u00e8 prepararsi per una verifica, studiando tutto ci\u00f2 che bisogna sapere da un libro; e un conto &hellip; <\/p>\n<p class=\"link-more\"><a href=\"https:\/\/www.parrocchiadisantandrea.it\/psa\/2018-gen-siamo-venuti-per-adorarlo\/\" class=\"more-link\">Leggi tutto<span class=\"screen-reader-text\"> &#8220;2018\/ Gen Siamo venuti per adorarlo&#8221;<\/span><\/a><\/p>\n","protected":false},"author":1,"featured_media":0,"comment_status":"closed","ping_status":"open","sticky":false,"template":"","format":"standard","meta":{"footnotes":""},"categories":[12],"tags":[],"_links":{"self":[{"href":"https:\/\/www.parrocchiadisantandrea.it\/psa\/wp-json\/wp\/v2\/posts\/249"}],"collection":[{"href":"https:\/\/www.parrocchiadisantandrea.it\/psa\/wp-json\/wp\/v2\/posts"}],"about":[{"href":"https:\/\/www.parrocchiadisantandrea.it\/psa\/wp-json\/wp\/v2\/types\/post"}],"author":[{"embeddable":true,"href":"https:\/\/www.parrocchiadisantandrea.it\/psa\/wp-json\/wp\/v2\/users\/1"}],"replies":[{"embeddable":true,"href":"https:\/\/www.parrocchiadisantandrea.it\/psa\/wp-json\/wp\/v2\/comments?post=249"}],"version-history":[{"count":0,"href":"https:\/\/www.parrocchiadisantandrea.it\/psa\/wp-json\/wp\/v2\/posts\/249\/revisions"}],"wp:attachment":[{"href":"https:\/\/www.parrocchiadisantandrea.it\/psa\/wp-json\/wp\/v2\/media?parent=249"}],"wp:term":[{"taxonomy":"category","embeddable":true,"href":"https:\/\/www.parrocchiadisantandrea.it\/psa\/wp-json\/wp\/v2\/categories?post=249"},{"taxonomy":"post_tag","embeddable":true,"href":"https:\/\/www.parrocchiadisantandrea.it\/psa\/wp-json\/wp\/v2\/tags?post=249"}],"curies":[{"name":"wp","href":"https:\/\/api.w.org\/{rel}","templated":true}]}}