{"id":244,"date":"2017-12-27T12:23:05","date_gmt":"2017-12-27T11:23:05","guid":{"rendered":"http:\/\/www.parrocchiadisantandrea.it\/psa\/?p=244"},"modified":"2017-12-27T12:23:05","modified_gmt":"2017-12-27T11:23:05","slug":"2017-dic-auguri-del-vescovo-per-il-santo-natale-2017","status":"publish","type":"post","link":"https:\/\/www.parrocchiadisantandrea.it\/psa\/2017-dic-auguri-del-vescovo-per-il-santo-natale-2017\/","title":{"rendered":"2017\/ Dic &#8211; AUGURI DEL VESCOVO PER IL SANTO NATALE 2017"},"content":{"rendered":"<p>Natale \u00e8 la festa della luce. Ges\u00f9 viene nel mondo per portare all&#8217;umanit\u00e0 tutta, ad ogni uomo e donna gioia, felicit\u00e0, pace, speranza e amore. Nonostante le nostre tenebre la luce di Dio risplende nel mondo. Gli angeli cantano ancora: &#8220;Gloria a Dio nel pi\u00f9 alto dei cieli e sulla terra pace agli uomini, che egli ama&#8221; (Luca 2,14).<div id=\"pressrelease-link-244\" class=\"sh-link pressrelease-link sh-hide\"><a href=\"#\" onclick=\"showhide_toggle('pressrelease', 244, 'Leggi tutto...', 'Nacondi testo...'); return false;\" aria-expanded=\"false\"><span id=\"pressrelease-toggle-244\">Leggi tutto...<\/span><\/a><\/div><div id=\"pressrelease-content-244\" class=\"sh-content pressrelease-content sh-hide\" style=\"display: none;\"><br \/>\nSostiamo con gioia davanti al presepe che ci ricorda la presenza viva di Ges\u00f9 tra di noi. E&#8217; un bambino indifeso e povero, ma con un cuore grande e capace di accoglierci e donarci amore. In Lu\u00ed, Dio non ci abbandona e non ci lascia soli. E&#8217; sempre vicino, \u00e8 sempre con noi. Lasciamoci interpellare anche noi dall&#8217;amore e dalla tenerezza di Dio.<br \/>\nFacciamo nostro il suo messaggio di amore e apriamo i nostri cuori e le nostre case all&#8217;accoglienza e alla solidariet\u00e0 verso chi soffre e si trova nel bisogno. E&#8217; il modo pi\u00f9 bello per vivere anche quest&#8217;anno il Natale!<br \/>\nUn augurio affettuoso a tutti.<br \/>\n+ Giuseppe, vescovo<\/div><\/p>\n","protected":false},"excerpt":{"rendered":"<p>Natale \u00e8 la festa della luce. Ges\u00f9 viene nel mondo per portare all&#8217;umanit\u00e0 tutta, ad ogni uomo e donna gioia, felicit\u00e0, pace, speranza e amore. Nonostante le nostre tenebre la luce di Dio risplende nel mondo. Gli angeli cantano ancora: &#8220;Gloria a Dio nel pi\u00f9 alto dei cieli e sulla terra pace agli uomini, che &hellip; <\/p>\n<p class=\"link-more\"><a href=\"https:\/\/www.parrocchiadisantandrea.it\/psa\/2017-dic-auguri-del-vescovo-per-il-santo-natale-2017\/\" class=\"more-link\">Leggi tutto<span class=\"screen-reader-text\"> &#8220;2017\/ Dic &#8211; AUGURI DEL VESCOVO PER IL SANTO NATALE 2017&#8221;<\/span><\/a><\/p>\n","protected":false},"author":1,"featured_media":0,"comment_status":"closed","ping_status":"open","sticky":false,"template":"","format":"standard","meta":{"footnotes":""},"categories":[6],"tags":[],"_links":{"self":[{"href":"https:\/\/www.parrocchiadisantandrea.it\/psa\/wp-json\/wp\/v2\/posts\/244"}],"collection":[{"href":"https:\/\/www.parrocchiadisantandrea.it\/psa\/wp-json\/wp\/v2\/posts"}],"about":[{"href":"https:\/\/www.parrocchiadisantandrea.it\/psa\/wp-json\/wp\/v2\/types\/post"}],"author":[{"embeddable":true,"href":"https:\/\/www.parrocchiadisantandrea.it\/psa\/wp-json\/wp\/v2\/users\/1"}],"replies":[{"embeddable":true,"href":"https:\/\/www.parrocchiadisantandrea.it\/psa\/wp-json\/wp\/v2\/comments?post=244"}],"version-history":[{"count":0,"href":"https:\/\/www.parrocchiadisantandrea.it\/psa\/wp-json\/wp\/v2\/posts\/244\/revisions"}],"wp:attachment":[{"href":"https:\/\/www.parrocchiadisantandrea.it\/psa\/wp-json\/wp\/v2\/media?parent=244"}],"wp:term":[{"taxonomy":"category","embeddable":true,"href":"https:\/\/www.parrocchiadisantandrea.it\/psa\/wp-json\/wp\/v2\/categories?post=244"},{"taxonomy":"post_tag","embeddable":true,"href":"https:\/\/www.parrocchiadisantandrea.it\/psa\/wp-json\/wp\/v2\/tags?post=244"}],"curies":[{"name":"wp","href":"https:\/\/api.w.org\/{rel}","templated":true}]}}