{"id":237,"date":"2017-12-17T22:45:16","date_gmt":"2017-12-17T21:45:16","guid":{"rendered":"http:\/\/www.parrocchiadisantandrea.it\/psa\/?p=237"},"modified":"2017-12-27T12:33:08","modified_gmt":"2017-12-27T11:33:08","slug":"2017-dic-novena-di-natale","status":"publish","type":"post","link":"https:\/\/www.parrocchiadisantandrea.it\/psa\/2017-dic-novena-di-natale\/","title":{"rendered":"2017\/ Dic Novena di Natale"},"content":{"rendered":"<p>La Novena di Natale, che si celebra nei nove giorni precedenti la solennit\u00e0 del Natale , pur non essendo &#8220;preghiera ufficiale&#8221; della Chiesa, costituisce un momento molto significativo nella vita delle nostre comunit\u00e0 cristiane.<div id=\"pressrelease-link-237\" class=\"sh-link pressrelease-link sh-hide\"><a href=\"#\" onclick=\"showhide_toggle('pressrelease', 237, 'Leggi tutto...', 'Nacondi testo...'); return false;\" aria-expanded=\"false\"><span id=\"pressrelease-toggle-237\">Leggi tutto...<\/span><\/a><\/div><div id=\"pressrelease-content-237\" class=\"sh-content pressrelease-content sh-hide\" style=\"display: none;\"><\/p>\n<p>Comprende vari testi tratti da brani dell&#8217;AnticoTestamento e particolarmente dal profeta Isaia; essi ci vogliono aiutare a prepararci spiritualmente alla festa della nascita di Ges\u00f9. In essi \u00e8 espresso non solo il profondo desiderio messianico dell&#8217;Antico Testamento (che Dio si faccia presente sulla terra), ma in maniera espressiva viene cantata la supplica per la venuta di Ges\u00f9 nella storia degli uomini.<\/p>\n<p>Varie sono le metafore che alimentano la gioia dell&#8217;attesa: Ges\u00f9 verr\u00e0 come luce, come pace, come rugiada, come dolcezza, come novit\u00e0, come Re potente, come dominatore universale, come bambino, come Signore giusto.<\/p>\n<p>La Novena vuole suscitare nel credente il desiderio di fermarsi ad adorarLo.<\/div><\/p>\n","protected":false},"excerpt":{"rendered":"<p>La Novena di Natale, che si celebra nei nove giorni precedenti la solennit\u00e0 del Natale , pur non essendo &#8220;preghiera ufficiale&#8221; della Chiesa, costituisce un momento molto significativo nella vita delle nostre comunit\u00e0 cristiane.<\/p>\n","protected":false},"author":1,"featured_media":0,"comment_status":"closed","ping_status":"open","sticky":false,"template":"","format":"standard","meta":{"footnotes":""},"categories":[10],"tags":[],"_links":{"self":[{"href":"https:\/\/www.parrocchiadisantandrea.it\/psa\/wp-json\/wp\/v2\/posts\/237"}],"collection":[{"href":"https:\/\/www.parrocchiadisantandrea.it\/psa\/wp-json\/wp\/v2\/posts"}],"about":[{"href":"https:\/\/www.parrocchiadisantandrea.it\/psa\/wp-json\/wp\/v2\/types\/post"}],"author":[{"embeddable":true,"href":"https:\/\/www.parrocchiadisantandrea.it\/psa\/wp-json\/wp\/v2\/users\/1"}],"replies":[{"embeddable":true,"href":"https:\/\/www.parrocchiadisantandrea.it\/psa\/wp-json\/wp\/v2\/comments?post=237"}],"version-history":[{"count":0,"href":"https:\/\/www.parrocchiadisantandrea.it\/psa\/wp-json\/wp\/v2\/posts\/237\/revisions"}],"wp:attachment":[{"href":"https:\/\/www.parrocchiadisantandrea.it\/psa\/wp-json\/wp\/v2\/media?parent=237"}],"wp:term":[{"taxonomy":"category","embeddable":true,"href":"https:\/\/www.parrocchiadisantandrea.it\/psa\/wp-json\/wp\/v2\/categories?post=237"},{"taxonomy":"post_tag","embeddable":true,"href":"https:\/\/www.parrocchiadisantandrea.it\/psa\/wp-json\/wp\/v2\/tags?post=237"}],"curies":[{"name":"wp","href":"https:\/\/api.w.org\/{rel}","templated":true}]}}