{"id":211,"date":"2017-12-11T17:21:30","date_gmt":"2017-12-11T16:21:30","guid":{"rendered":"http:\/\/www.parrocchiadisantandrea.it\/psa\/?p=211"},"modified":"2017-12-11T17:21:49","modified_gmt":"2017-12-11T16:21:49","slug":"2017-dic-istituzione-dei-ministeri","status":"publish","type":"post","link":"https:\/\/www.parrocchiadisantandrea.it\/psa\/2017-dic-istituzione-dei-ministeri\/","title":{"rendered":"2017\/ Dic &#8211; Istituzione dei ministeri"},"content":{"rendered":"<p><em>Portogruaro, Venerd\u00ec 8 dicembre<\/em>.- Nella solennit\u00e0 dell&#8217;Immacolata Concezione della B.V.M., nel Duomo di Sant&#8217;Andrea Ap. in Portogruaro, si \u00e8 svolta la cerimeonia di istituzione de\u00ed ministeri: sono stati istituiti Lettori alcuni seminaristi tra cui Erik e Thomas Salvador di Concordia Sagittaria. Sono stati istituiti Accoliti alcuni seminaristi insieme ai candidati al Diaconato permanente; tra questi Roberto Pastorini di Summaga.<\/p>\n","protected":false},"excerpt":{"rendered":"<p>Portogruaro, Venerd\u00ec 8 dicembre.- Nella solennit\u00e0 dell&#8217;Immacolata Concezione della B.V.M., nel Duomo di Sant&#8217;Andrea Ap. in Portogruaro, si \u00e8 svolta la cerimeonia di istituzione de\u00ed ministeri: sono stati istituiti Lettori alcuni seminaristi tra cui Erik e Thomas Salvador di Concordia Sagittaria. Sono stati istituiti Accoliti alcuni seminaristi insieme ai candidati al Diaconato permanente; tra questi &hellip; <\/p>\n<p class=\"link-more\"><a href=\"https:\/\/www.parrocchiadisantandrea.it\/psa\/2017-dic-istituzione-dei-ministeri\/\" class=\"more-link\">Leggi tutto<span class=\"screen-reader-text\"> &#8220;2017\/ Dic &#8211; Istituzione dei ministeri&#8221;<\/span><\/a><\/p>\n","protected":false},"author":1,"featured_media":0,"comment_status":"closed","ping_status":"open","sticky":false,"template":"","format":"standard","meta":{"footnotes":""},"categories":[4],"tags":[],"_links":{"self":[{"href":"https:\/\/www.parrocchiadisantandrea.it\/psa\/wp-json\/wp\/v2\/posts\/211"}],"collection":[{"href":"https:\/\/www.parrocchiadisantandrea.it\/psa\/wp-json\/wp\/v2\/posts"}],"about":[{"href":"https:\/\/www.parrocchiadisantandrea.it\/psa\/wp-json\/wp\/v2\/types\/post"}],"author":[{"embeddable":true,"href":"https:\/\/www.parrocchiadisantandrea.it\/psa\/wp-json\/wp\/v2\/users\/1"}],"replies":[{"embeddable":true,"href":"https:\/\/www.parrocchiadisantandrea.it\/psa\/wp-json\/wp\/v2\/comments?post=211"}],"version-history":[{"count":0,"href":"https:\/\/www.parrocchiadisantandrea.it\/psa\/wp-json\/wp\/v2\/posts\/211\/revisions"}],"wp:attachment":[{"href":"https:\/\/www.parrocchiadisantandrea.it\/psa\/wp-json\/wp\/v2\/media?parent=211"}],"wp:term":[{"taxonomy":"category","embeddable":true,"href":"https:\/\/www.parrocchiadisantandrea.it\/psa\/wp-json\/wp\/v2\/categories?post=211"},{"taxonomy":"post_tag","embeddable":true,"href":"https:\/\/www.parrocchiadisantandrea.it\/psa\/wp-json\/wp\/v2\/tags?post=211"}],"curies":[{"name":"wp","href":"https:\/\/api.w.org\/{rel}","templated":true}]}}