{"id":190,"date":"2017-12-06T12:10:54","date_gmt":"2017-12-06T11:10:54","guid":{"rendered":"http:\/\/www.parrocchiadisantandrea.it\/psa\/?p=190"},"modified":"2017-12-06T12:17:19","modified_gmt":"2017-12-06T11:17:19","slug":"2017-dic-il-papa-in-myanmar-e-in-bangladesh","status":"publish","type":"post","link":"https:\/\/www.parrocchiadisantandrea.it\/psa\/2017-dic-il-papa-in-myanmar-e-in-bangladesh\/","title":{"rendered":"2017\/ Dic Il Papa in Myanmar e in Bangladesh"},"content":{"rendered":"<p><img loading=\"lazy\" decoding=\"async\" class=\"size-full wp-image-191 alignleft\" src=\"http:\/\/www.parrocchiadisantandrea.it\/psa\/wp-content\/uploads\/2017\/12\/1711_PapaaMyamar.jpg\" alt=\"\" width=\"283\" height=\"284\" srcset=\"https:\/\/www.parrocchiadisantandrea.it\/psa\/wp-content\/uploads\/2017\/12\/1711_PapaaMyamar.jpg 283w, https:\/\/www.parrocchiadisantandrea.it\/psa\/wp-content\/uploads\/2017\/12\/1711_PapaaMyamar-150x150.jpg 150w, https:\/\/www.parrocchiadisantandrea.it\/psa\/wp-content\/uploads\/2017\/12\/1711_PapaaMyamar-100x100.jpg 100w\" sizes=\"(max-width: 283px) 100vw, 283px\" \/>Si \u00e8 conclusa con una festa di giovani la visita del Papa in Myanmar. Francesco ha indicato ai ragazzi birmani la via del futuro: &#8220;&#8230; \u00e8 bello e incoraggiante vedervi, perch\u00e9 ci recate un lieto annuncio di bene, il lieto annuncio della vostra giovent\u00f9, della vostra fede e del vostro entusiasmo. Vorrei che la gente sapesse che voi, giovani del Myanmar non avete paura di credere nel buon annuncio della misericordia di Dio, perch\u00e9 esso ha un nome e un volto: Ges\u00f9 Cristo&#8221;.<br \/>\nFrancesco si \u00e8 presentato poi come \u00abapostolo di pace\u00bb in Bangladesh, paese che vive la crisi dei Rohingya, la minoranza in fuga dal Myanmar, che affolla i campi profughi in aree gi\u00e0 problematiche del Paese. Nell&#8217;incontro con un gruppo di appartenenti all&#8217;etnia il Santo Padre ha detto: &#8220;Vi chiedo perdono per l&#8217;indifferenza del mondo &#8230; vi sono vicino, la situazione \u00e8 molto dura&#8221;. Per la Chiesa la visita di papa Francesco si pone nel segno della continuit\u00e0 dopo la tappa di Giovanni Paolo II (1986) e la breve sosta di Paolo VI all&#8217;aeroporto di Dacca (1970).<\/p>\n","protected":false},"excerpt":{"rendered":"<p>Si \u00e8 conclusa con una festa di giovani la visita del Papa in Myanmar. Francesco ha indicato ai ragazzi birmani la via del futuro: &#8220;&#8230; \u00e8 bello e incoraggiante vedervi, perch\u00e9 ci recate un lieto annuncio di bene, il lieto annuncio della vostra giovent\u00f9, della vostra fede e del vostro entusiasmo. Vorrei che la gente &hellip; <\/p>\n<p class=\"link-more\"><a href=\"https:\/\/www.parrocchiadisantandrea.it\/psa\/2017-dic-il-papa-in-myanmar-e-in-bangladesh\/\" class=\"more-link\">Leggi tutto<span class=\"screen-reader-text\"> &#8220;2017\/ Dic Il Papa in Myanmar e in Bangladesh&#8221;<\/span><\/a><\/p>\n","protected":false},"author":1,"featured_media":0,"comment_status":"closed","ping_status":"open","sticky":false,"template":"","format":"standard","meta":{"footnotes":""},"categories":[8],"tags":[],"_links":{"self":[{"href":"https:\/\/www.parrocchiadisantandrea.it\/psa\/wp-json\/wp\/v2\/posts\/190"}],"collection":[{"href":"https:\/\/www.parrocchiadisantandrea.it\/psa\/wp-json\/wp\/v2\/posts"}],"about":[{"href":"https:\/\/www.parrocchiadisantandrea.it\/psa\/wp-json\/wp\/v2\/types\/post"}],"author":[{"embeddable":true,"href":"https:\/\/www.parrocchiadisantandrea.it\/psa\/wp-json\/wp\/v2\/users\/1"}],"replies":[{"embeddable":true,"href":"https:\/\/www.parrocchiadisantandrea.it\/psa\/wp-json\/wp\/v2\/comments?post=190"}],"version-history":[{"count":0,"href":"https:\/\/www.parrocchiadisantandrea.it\/psa\/wp-json\/wp\/v2\/posts\/190\/revisions"}],"wp:attachment":[{"href":"https:\/\/www.parrocchiadisantandrea.it\/psa\/wp-json\/wp\/v2\/media?parent=190"}],"wp:term":[{"taxonomy":"category","embeddable":true,"href":"https:\/\/www.parrocchiadisantandrea.it\/psa\/wp-json\/wp\/v2\/categories?post=190"},{"taxonomy":"post_tag","embeddable":true,"href":"https:\/\/www.parrocchiadisantandrea.it\/psa\/wp-json\/wp\/v2\/tags?post=190"}],"curies":[{"name":"wp","href":"https:\/\/api.w.org\/{rel}","templated":true}]}}