{"id":180,"date":"2017-11-27T21:00:31","date_gmt":"2017-11-27T20:00:31","guid":{"rendered":"http:\/\/www.parrocchiadisantandrea.it\/psa\/?p=180"},"modified":"2017-11-27T21:05:48","modified_gmt":"2017-11-27T20:05:48","slug":"2017-vita-indi-parrocchia","status":"publish","type":"post","link":"https:\/\/www.parrocchiadisantandrea.it\/psa\/2017-vita-indi-parrocchia\/","title":{"rendered":"2017\/ Nov &#8211; Vita in\/di parrocchia"},"content":{"rendered":"<p>Una parrocchiana, sentitasi &#8220;scoperta&#8221; a prelevare 3-4 copie del foglietto &#8220;Voci di Comunit\u00e0&#8221;, si giustificava comunicando: I una \u00e8 per me, le altre le porto a qualche persona vicina di casa che non \u00e8 in grado di venire in chiesa&#8221;. Cos\u00ec questa persona settimanalmente porta il foglietto con le letture della messa e quello della parrocchia a &#8220;sorelle&#8221; in difficolt\u00e0, offrendo nel contempo presenza, vicinanza, un sorriso, un consiglio &#8230; Un atto di attenzione, solidariet\u00e0 e affetto; per tutti noi un esempio da imitare. Naturalmente, oltre agli infermi. (o quasi) presenti nelle famiglie, ci sono anche quelli ospitati nelle residenze per anziani di Portogruaro, Villanova e Gruaro; certo, sono seguiti e accuditi ma per alcuni di loro la lontananza dall&#8217;ambiente familiare rende difficili e faticosi i tempi da vivere accanto a persone sconosciute, con ritmi di vita diversi da quelli a loro abituali.<br \/>\nIn qualche modo possiamo offrire un momento di sollievo a qualche nostro conoscente ora ricoverato?<\/p>\n","protected":false},"excerpt":{"rendered":"<p>Una parrocchiana, sentitasi &#8220;scoperta&#8221; a prelevare 3-4 copie del foglietto &#8220;Voci di Comunit\u00e0&#8221;, si giustificava comunicando: I una \u00e8 per me, le altre le porto a qualche persona vicina di casa che non \u00e8 in grado di venire in chiesa&#8221;. Cos\u00ec questa persona settimanalmente porta il foglietto con le letture della messa e quello della &hellip; <\/p>\n<p class=\"link-more\"><a href=\"https:\/\/www.parrocchiadisantandrea.it\/psa\/2017-vita-indi-parrocchia\/\" class=\"more-link\">Leggi tutto<span class=\"screen-reader-text\"> &#8220;2017\/ Nov &#8211; Vita in\/di parrocchia&#8221;<\/span><\/a><\/p>\n","protected":false},"author":1,"featured_media":0,"comment_status":"closed","ping_status":"open","sticky":false,"template":"","format":"standard","meta":{"footnotes":""},"categories":[1],"tags":[],"_links":{"self":[{"href":"https:\/\/www.parrocchiadisantandrea.it\/psa\/wp-json\/wp\/v2\/posts\/180"}],"collection":[{"href":"https:\/\/www.parrocchiadisantandrea.it\/psa\/wp-json\/wp\/v2\/posts"}],"about":[{"href":"https:\/\/www.parrocchiadisantandrea.it\/psa\/wp-json\/wp\/v2\/types\/post"}],"author":[{"embeddable":true,"href":"https:\/\/www.parrocchiadisantandrea.it\/psa\/wp-json\/wp\/v2\/users\/1"}],"replies":[{"embeddable":true,"href":"https:\/\/www.parrocchiadisantandrea.it\/psa\/wp-json\/wp\/v2\/comments?post=180"}],"version-history":[{"count":0,"href":"https:\/\/www.parrocchiadisantandrea.it\/psa\/wp-json\/wp\/v2\/posts\/180\/revisions"}],"wp:attachment":[{"href":"https:\/\/www.parrocchiadisantandrea.it\/psa\/wp-json\/wp\/v2\/media?parent=180"}],"wp:term":[{"taxonomy":"category","embeddable":true,"href":"https:\/\/www.parrocchiadisantandrea.it\/psa\/wp-json\/wp\/v2\/categories?post=180"},{"taxonomy":"post_tag","embeddable":true,"href":"https:\/\/www.parrocchiadisantandrea.it\/psa\/wp-json\/wp\/v2\/tags?post=180"}],"curies":[{"name":"wp","href":"https:\/\/api.w.org\/{rel}","templated":true}]}}