{"id":178,"date":"2020-09-06T08:00:53","date_gmt":"2020-09-06T06:00:53","guid":{"rendered":"http:\/\/www.parrocchiadisantandrea.it\/psa\/?p=178"},"modified":"2020-09-27T19:38:04","modified_gmt":"2020-09-27T17:38:04","slug":"parrocchia-duomo-portogruaro-avvisi-della-settimana","status":"publish","type":"post","link":"https:\/\/www.parrocchiadisantandrea.it\/psa\/parrocchia-duomo-portogruaro-avvisi-della-settimana\/","title":{"rendered":"2020\/ Set 6 &#8211; Ordinazione diaconale di Erik Salvador e Matteo Borghetto"},"content":{"rendered":"<h1>Pordenone: domenica 6 settembre: sei seminaristi ordinati diaconi<br \/>\n<strong>Sintesi della celebrazione: <\/strong>20 min<br \/>\n<iframe loading=\"lazy\" src=\"\/\/www.youtube.com\/embed\/huepdnNkA4U\" width=\"560\" height=\"314\" allowfullscreen=\"allowfullscreen\"><\/iframe><\/h1>\n<p><span style=\"font-size: 18pt;\"><strong>Celebrazione integrale<\/strong>: 1 h e 49 min<\/span><\/p>\n<p><iframe loading=\"lazy\" src=\"\/\/www.youtube.com\/embed\/8MyCOmlQYGo\" width=\"560\" height=\"314\" allowfullscreen=\"allowfullscreen\"><\/iframe><\/p>\n<div class=\"o9v6fnle cxmmr5t8 oygrvhab hcukyx3x c1et5uql ii04i59q\">\n<div dir=\"auto\">Domenica 6 settembre 2020, XXIII domenica T.O. sono stati ordinati 6 Diaconi fra cui Matteo Borghetto che attualmente serve la nostra parrocchia ed Erik Salvador che invece ha servito qualche anno fa.<\/div>\n<div dir=\"auto\">Questi i Diaconi:<\/div>\n<div dir=\"auto\"><strong>EMANUELE FIOCCHI<\/strong> (1976) Proviene da Praturlone di Fiume Veneto<\/div>\n<div dir=\"auto\"><strong>STEFANO MATTIUZZO<\/strong> (1980) Proviene da Lancenigo (TV)<\/div>\n<div dir=\"auto\"><strong>MATTEO BORGHETTO<\/strong> (1993) Vive a Ligugnana di San Vito.<\/div>\n<div dir=\"auto\">E\u2019 passato per il Pontificio Istituto sant\u2019Apollinare, il collegio Capranica e la Gregoriana in Roma. Confida: &#8220;Potrei definire la mia vocazione, come la storia di una presenza silenziosa ma costante del Signore che, passo dopo passo, mi sta facendo capire che cosa significhi essere chiamati nella sua vigna a lavorare&#8221;.<\/div>\n<div dir=\"auto\"><strong>RAMMANI GIUSEPPE<\/strong> (1996)<\/div>\n<div dir=\"auto\">Pur avendo un riferimento a Bannia di Fiume Veneto, Rammani Giuseppe ha come confine il mondo, in quanto nato a Katmand\u00f9, capitale del Nepal, considerata il &#8220;tetto del mondo&#8221;; \u00e8 in contatto con le 9 sorelle, il pap\u00e0 83enne, mentre la mamma \u00e8 deceduta. Di religione induista, \u00e8 stato battezzato nel 1995.E\u2019 stato il fascino del Vangelo di Ges\u00f9 a far nascere la conversione nel suo cuore, con la proposta di una &#8220;continua rinascita aperta a tutti&#8221;.<\/div>\n<div dir=\"auto\"><strong>ERIK e THOMAS SALVADOR<\/strong> (1996)<\/div>\n<div dir=\"auto\">I gemelli Thomas ed Erik, nativi da San Vito al Tagliamento, con la loro famiglia, vivono a Concordia, ove hanno sperimentato la vita liturgica nella cattedrale di Santo Stefano e quella formativa e ricreativa all\u2019oratorio. ( Fonte Il Popolo di Pordenone)<\/div>\n<\/div>\n<div dir=\"auto\">&nbsp;<\/div>\n<p>&nbsp;<\/p>\n<p>&nbsp;<\/p>\n<div class=\"freebirdFormviewerViewHeaderTitleRow\">\n<div dir=\"auto\" role=\"heading\" aria-level=\"1\">&nbsp;<\/div>\n<div dir=\"auto\" role=\"heading\" aria-level=\"1\">\n<p><span style=\"color: #ff0000;\"><strong><img loading=\"lazy\" decoding=\"async\" class=\"alignleft size-large wp-image-556\" src=\"http:\/\/www.parrocchiadisantandrea.it\/psa\/wp-content\/uploads\/2020\/05\/WhatsApp-Image-2020-05-22-at-3.03.11-PM-1024x612.jpeg\" alt=\"\" width=\"525\" height=\"314\" srcset=\"https:\/\/www.parrocchiadisantandrea.it\/psa\/wp-content\/uploads\/2020\/05\/WhatsApp-Image-2020-05-22-at-3.03.11-PM-1024x612.jpeg 1024w, https:\/\/www.parrocchiadisantandrea.it\/psa\/wp-content\/uploads\/2020\/05\/WhatsApp-Image-2020-05-22-at-3.03.11-PM-300x179.jpeg 300w, https:\/\/www.parrocchiadisantandrea.it\/psa\/wp-content\/uploads\/2020\/05\/WhatsApp-Image-2020-05-22-at-3.03.11-PM-768x459.jpeg 768w, https:\/\/www.parrocchiadisantandrea.it\/psa\/wp-content\/uploads\/2020\/05\/WhatsApp-Image-2020-05-22-at-3.03.11-PM.jpeg 1600w\" sizes=\"(max-width: 525px) 100vw, 525px\" \/><\/strong><\/span><\/p>\n<\/div>\n<\/div>\n<p><strong><a href=\"#su\">Vai su<\/a><\/strong><\/p>\n<p class=\"Default\" style=\"text-align: center;\"><span style=\"font-size: 16.0pt;\"><strong>___o * o___<\/strong><\/span><\/p>\n","protected":false},"excerpt":{"rendered":"<p>Pordenone: domenica 6 settembre: sei seminaristi ordinati diaconi Sintesi della celebrazione: 20 min Celebrazione integrale: 1 h e 49 min Domenica 6 settembre 2020, XXIII domenica T.O. sono stati ordinati 6 Diaconi fra cui Matteo Borghetto che attualmente serve la nostra parrocchia ed Erik Salvador che invece ha servito qualche anno fa. Questi i Diaconi: &hellip; <\/p>\n<p class=\"link-more\"><a href=\"https:\/\/www.parrocchiadisantandrea.it\/psa\/parrocchia-duomo-portogruaro-avvisi-della-settimana\/\" class=\"more-link\">Leggi tutto<span class=\"screen-reader-text\"> &#8220;2020\/ Set 6 &#8211; Ordinazione diaconale di Erik Salvador e Matteo Borghetto&#8221;<\/span><\/a><\/p>\n","protected":false},"author":1,"featured_media":0,"comment_status":"closed","ping_status":"open","sticky":false,"template":"","format":"standard","meta":{"footnotes":""},"categories":[3],"tags":[],"_links":{"self":[{"href":"https:\/\/www.parrocchiadisantandrea.it\/psa\/wp-json\/wp\/v2\/posts\/178"}],"collection":[{"href":"https:\/\/www.parrocchiadisantandrea.it\/psa\/wp-json\/wp\/v2\/posts"}],"about":[{"href":"https:\/\/www.parrocchiadisantandrea.it\/psa\/wp-json\/wp\/v2\/types\/post"}],"author":[{"embeddable":true,"href":"https:\/\/www.parrocchiadisantandrea.it\/psa\/wp-json\/wp\/v2\/users\/1"}],"replies":[{"embeddable":true,"href":"https:\/\/www.parrocchiadisantandrea.it\/psa\/wp-json\/wp\/v2\/comments?post=178"}],"version-history":[{"count":0,"href":"https:\/\/www.parrocchiadisantandrea.it\/psa\/wp-json\/wp\/v2\/posts\/178\/revisions"}],"wp:attachment":[{"href":"https:\/\/www.parrocchiadisantandrea.it\/psa\/wp-json\/wp\/v2\/media?parent=178"}],"wp:term":[{"taxonomy":"category","embeddable":true,"href":"https:\/\/www.parrocchiadisantandrea.it\/psa\/wp-json\/wp\/v2\/categories?post=178"},{"taxonomy":"post_tag","embeddable":true,"href":"https:\/\/www.parrocchiadisantandrea.it\/psa\/wp-json\/wp\/v2\/tags?post=178"}],"curies":[{"name":"wp","href":"https:\/\/api.w.org\/{rel}","templated":true}]}}