{"id":1242,"date":"2023-02-19T10:32:24","date_gmt":"2023-02-19T09:32:24","guid":{"rendered":"http:\/\/www.parrocchiadisantandrea.it\/psa\/?p=1242"},"modified":"2023-02-19T14:41:14","modified_gmt":"2023-02-19T13:41:14","slug":"2023-feb-sussidio-della-quaresima","status":"publish","type":"post","link":"https:\/\/www.parrocchiadisantandrea.it\/psa\/2023-feb-sussidio-della-quaresima\/","title":{"rendered":"2023 Feb\/ Quaresima 2023: trasformati dall&#8217;agire di Dio"},"content":{"rendered":"<p>\u00c8 il titolo del sussidio per la Quaresima 2023 che il Servizio Diocesano che la nostra Diocesi offre alle comunit\u00e0 cristiane in questa Quaresima 2023<\/p>\n<blockquote class=\"wp-embedded-content\" data-secret=\"OL0XCch3Ey\"><p><a href=\"https:\/\/diocesi.concordia-pordenone.it\/catechistico\/quaresima-2023\/\">\u00abQuaresima 2023: trasformati dall&#8217;agire di Dio\u00bb<\/a><\/p><\/blockquote>\n<p><iframe class=\"wp-embedded-content\" sandbox=\"allow-scripts\" security=\"restricted\" style=\"position: absolute; clip: rect(1px, 1px, 1px, 1px);\" src=\"https:\/\/diocesi.concordia-pordenone.it\/catechistico\/quaresima-2023\/embed\/#?secret=OL0XCch3Ey\" data-secret=\"OL0XCch3Ey\" width=\"525\" height=\"296\" title=\"&#8220;\u00abQuaresima 2023: trasformati dall&#8217;agire di Dio\u00bb&#8221; &#8212; Servizio per la Catechesi\" frameborder=\"0\" marginwidth=\"0\" marginheight=\"0\" scrolling=\"no\"><\/iframe><\/p>\n<p>Dall\u2019introduzione di don Maurizio Girolami<\/p>\n<p>Il cammino Quaresimale che ci accompagna verso la celebrazione della Risurrezione di Cristo offre una occasione per guardare non solo la meta alla quale siamo chiamati, la vita da risorti, ma anche per&nbsp;guardare la nostra costituzione originaria. Siamo infatti fatti di terra&nbsp;e di soffio vitale. Siamo come polvere del deserto, capaci per\u00f2 di essere pesanti come il fango e massicci come le montagne.<\/p>\n<p>La Quaresima ci offre il tempo necessario per offrire a Dio il nostro&nbsp;tempo e il nostro desiderio perch\u00e9 lui agisca. Con la forza del suo&nbsp;Spirito egli \u00e8 capace di radunare le cose disperse, di legare le cose isolate, di collegare e mettere&nbsp; insieme quanto \u00e8 smembrato.<\/p>\n<p>\u00c8 lui che unifica il cuore e lo rende di carne. \u00c8 sempre lui che mette<br \/>\ninsieme le volont\u00e0 delle persone, perch\u00e9 possano esperimentare la<br \/>\ngioia della vita condivisa con gli altri.<\/p>\n<p>Restiamo sempre di polvere, ma animati dal soffio eterno dell\u2019amore<br \/>\nche non muore.<\/p>\n<p>Nelle tappe quaresimali non lasciamoci sfuggire l\u2019occasione di pren-<br \/>\ndere coscienza di essere frammentati, ma anche di avere il dono di<br \/>\nCristo che in mezzo a noi continua, per la forza della sua Pasqua, a<br \/>\nsoffiare sulla sua Chiesa perch\u00e9 sia una nuova creatura &#8230;<\/p>\n<p>Celebrare la Pasqua significa partecipare della vita del risorto: questa<br \/>\ninizia dal vivere bene il nostro essere creature deboli e fragili, ma an-<br \/>\nche abitate dallo Spirito creatore e santificatore che unisce le distan-<br \/>\nze, armonizza i diversi, sa far vedere il bello di ogni differenza.<\/p>\n","protected":false},"excerpt":{"rendered":"<p>\u00c8 il titolo del sussidio per la Quaresima 2023 che il Servizio Diocesano che la nostra Diocesi offre alle comunit\u00e0 cristiane in questa Quaresima 2023 \u00abQuaresima 2023: trasformati dall&#8217;agire di Dio\u00bb Dall\u2019introduzione di don Maurizio Girolami Il cammino Quaresimale che ci accompagna verso la celebrazione della Risurrezione di Cristo offre una occasione per guardare non &hellip; <\/p>\n<p class=\"link-more\"><a href=\"https:\/\/www.parrocchiadisantandrea.it\/psa\/2023-feb-sussidio-della-quaresima\/\" class=\"more-link\">Leggi tutto<span class=\"screen-reader-text\"> &#8220;2023 Feb\/ Quaresima 2023: trasformati dall&#8217;agire di Dio&#8221;<\/span><\/a><\/p>\n","protected":false},"author":1,"featured_media":0,"comment_status":"closed","ping_status":"open","sticky":false,"template":"","format":"standard","meta":{"footnotes":""},"categories":[1],"tags":[],"_links":{"self":[{"href":"https:\/\/www.parrocchiadisantandrea.it\/psa\/wp-json\/wp\/v2\/posts\/1242"}],"collection":[{"href":"https:\/\/www.parrocchiadisantandrea.it\/psa\/wp-json\/wp\/v2\/posts"}],"about":[{"href":"https:\/\/www.parrocchiadisantandrea.it\/psa\/wp-json\/wp\/v2\/types\/post"}],"author":[{"embeddable":true,"href":"https:\/\/www.parrocchiadisantandrea.it\/psa\/wp-json\/wp\/v2\/users\/1"}],"replies":[{"embeddable":true,"href":"https:\/\/www.parrocchiadisantandrea.it\/psa\/wp-json\/wp\/v2\/comments?post=1242"}],"version-history":[{"count":0,"href":"https:\/\/www.parrocchiadisantandrea.it\/psa\/wp-json\/wp\/v2\/posts\/1242\/revisions"}],"wp:attachment":[{"href":"https:\/\/www.parrocchiadisantandrea.it\/psa\/wp-json\/wp\/v2\/media?parent=1242"}],"wp:term":[{"taxonomy":"category","embeddable":true,"href":"https:\/\/www.parrocchiadisantandrea.it\/psa\/wp-json\/wp\/v2\/categories?post=1242"},{"taxonomy":"post_tag","embeddable":true,"href":"https:\/\/www.parrocchiadisantandrea.it\/psa\/wp-json\/wp\/v2\/tags?post=1242"}],"curies":[{"name":"wp","href":"https:\/\/api.w.org\/{rel}","templated":true}]}}