{"id":1239,"date":"2023-02-14T10:14:11","date_gmt":"2023-02-14T09:14:11","guid":{"rendered":"http:\/\/www.parrocchiadisantandrea.it\/psa\/?p=1239"},"modified":"2023-02-14T10:14:11","modified_gmt":"2023-02-14T09:14:11","slug":"2023-feb-emergenza-terremoto-in-turchia-e-siria","status":"publish","type":"post","link":"https:\/\/www.parrocchiadisantandrea.it\/psa\/2023-feb-emergenza-terremoto-in-turchia-e-siria\/","title":{"rendered":"2023 Feb\/ EMERGENZA TERREMOTO IN TURCHIA E SIRIA"},"content":{"rendered":"<p>&nbsp;<\/p>\n<p>La Conferenza Episcopale Italiana ha deciso lo stanziamento di<br \/>\n500mila euro dai fondi otto per mille, che i cittadini destinano alla<br \/>\nChiesa cattolica, come prima forma di aiuto alle vittime del terre-<br \/>\nmoto.<br \/>\n<span style=\"font-size: 1rem;\">Anche Caritas Italiana \u00e8 gi\u00e0 attiva per portare soccorsi alle zone ter<\/span>remotate; si pu\u00f2 sostenere questo aiuto attraverso bonifici; in fondo&nbsp;alla chiesa trovate un foglio con tutte le informazioni necessarie; per&nbsp;maggiori approfondimenti potete entrare nel sito internet della Diocesi di Concordia-Pordenone.<br \/>\n<span style=\"font-size: 1rem;\">La testimonianza di un gesuita turco: &#8220;Il terremoto ha colpito&nbsp;<\/span>tutti, a prescindere da fede e provenienze, ma ci ha unito: in&nbsp;queste ore stiamo condividendo tutto quello che abbiamo in&nbsp;dispense e frigoriferi&#8221;<br \/>\n<span style=\"font-size: 1rem;\"><strong>Papa Francesco vicino alle persone colpite<\/strong>:<br \/>\n<\/span>\u00c8 tempo di compassione, \u00e8 tempo di solidariet\u00e0.<br \/>\nBasta con l&#8217;odio, basta con le guerre e le divisioni&nbsp;che portano all&#8217;autodistruzione. Nel dolore uniamoci, aiutiamo chi soffre in Turchia e in Siria.<br \/>\nCostruiamo la pace e la fraternit\u00e0 nel mondo.<br \/>\n<span style=\"font-size: 1rem;\">Tutti siamo fragili e vulnerabili; tutti abbiamo bisogno di&nbsp;<\/span>quell\u2019attenzione compassionevole che sa fermarsi, avvicinarsi, curare e sollevare.<\/p>\n<p>Se vuoi aiutare collegati a questa <strong><a href=\"https:\/\/www.caritas.it\/emergenza-terremoto-in-turchia-e-siria\/\" target=\"_blank\" rel=\"noopener\">pagina della Caritas Italiana<\/a>.<\/strong><\/p>\n","protected":false},"excerpt":{"rendered":"<p>&nbsp; La Conferenza Episcopale Italiana ha deciso lo stanziamento di 500mila euro dai fondi otto per mille, che i cittadini destinano alla Chiesa cattolica, come prima forma di aiuto alle vittime del terre- moto. Anche Caritas Italiana \u00e8 gi\u00e0 attiva per portare soccorsi alle zone terremotate; si pu\u00f2 sostenere questo aiuto attraverso bonifici; in fondo&nbsp;alla &hellip; <\/p>\n<p class=\"link-more\"><a href=\"https:\/\/www.parrocchiadisantandrea.it\/psa\/2023-feb-emergenza-terremoto-in-turchia-e-siria\/\" class=\"more-link\">Leggi tutto<span class=\"screen-reader-text\"> &#8220;2023 Feb\/ EMERGENZA TERREMOTO IN TURCHIA E SIRIA&#8221;<\/span><\/a><\/p>\n","protected":false},"author":1,"featured_media":0,"comment_status":"closed","ping_status":"open","sticky":false,"template":"","format":"standard","meta":{"footnotes":""},"categories":[1],"tags":[],"_links":{"self":[{"href":"https:\/\/www.parrocchiadisantandrea.it\/psa\/wp-json\/wp\/v2\/posts\/1239"}],"collection":[{"href":"https:\/\/www.parrocchiadisantandrea.it\/psa\/wp-json\/wp\/v2\/posts"}],"about":[{"href":"https:\/\/www.parrocchiadisantandrea.it\/psa\/wp-json\/wp\/v2\/types\/post"}],"author":[{"embeddable":true,"href":"https:\/\/www.parrocchiadisantandrea.it\/psa\/wp-json\/wp\/v2\/users\/1"}],"replies":[{"embeddable":true,"href":"https:\/\/www.parrocchiadisantandrea.it\/psa\/wp-json\/wp\/v2\/comments?post=1239"}],"version-history":[{"count":0,"href":"https:\/\/www.parrocchiadisantandrea.it\/psa\/wp-json\/wp\/v2\/posts\/1239\/revisions"}],"wp:attachment":[{"href":"https:\/\/www.parrocchiadisantandrea.it\/psa\/wp-json\/wp\/v2\/media?parent=1239"}],"wp:term":[{"taxonomy":"category","embeddable":true,"href":"https:\/\/www.parrocchiadisantandrea.it\/psa\/wp-json\/wp\/v2\/categories?post=1239"},{"taxonomy":"post_tag","embeddable":true,"href":"https:\/\/www.parrocchiadisantandrea.it\/psa\/wp-json\/wp\/v2\/tags?post=1239"}],"curies":[{"name":"wp","href":"https:\/\/api.w.org\/{rel}","templated":true}]}}